{"id":94723,"date":"2025-12-01T17:47:14","date_gmt":"2025-12-01T17:47:14","guid":{"rendered":"https:\/\/www.europesays.com\/se\/94723\/"},"modified":"2025-12-01T17:47:14","modified_gmt":"2025-12-01T17:47:14","slug":"lyckas-mamdani-blir-han-inte-sarskilt-popular","status":"publish","type":"post","link":"https:\/\/www.europesays.com\/se\/94723\/","title":{"rendered":"\u201dLyckas Mamdani blir han inte s\u00e4rskilt popul\u00e4r\u201d"},"content":{"rendered":"<p>Benedict Beckeld \u00e4r f\u00f6rfattare till boken \u201dWestern Self-Contempt: Oikophobia in the Decline of Civilizations\u201d som handlar om sj\u00e4lvf\u00f6rakt inom den v\u00e4sterl\u00e4ndska kulturen. Beckeld bor i New York och han menar att m\u00e5nga i metropolen r\u00f6stade fram Zohran Mamdani som borgm\u00e4stare p\u00e5 grund av oikofobi.<\/p>\n<p>\u2013 De r\u00f6star ofta p\u00e5 Mamdani d\u00e4rf\u00f6r att han \u00e4r exotisk, och det som \u00e4r exotiskt anses ju d\u00e5 bland oikofober vara sp\u00e4nnande. Det \u00e4r en viss k\u00e4rlek gentemot det andra, gentemot det utl\u00e4ndska som spelar en viss roll d\u00e4r och som g\u00e5r hand i hand med fobin, s\u00e4ger Benedict Beckeld till Bulletin.<\/p>\n<p> Mamdani anv\u00e4nder oikofobi <\/p>\n<p>Ordet \u201doikofobi\u201d myntades i b\u00f6rjan av 1800-talet av diktaren Robert Southey, men fick nytt liv av filosofen Roger Scruton p\u00e5 1990-talet. Idag inneb\u00e4r det att man kritiserar det egna hemmet eller samh\u00e4llet och ist\u00e4llet f\u00f6respr\u00e5kar andra samh\u00e4llen. Beckeld menar att oikofobin \u00e4r stor i v\u00e4stv\u00e4rlden, framf\u00f6r allt i storst\u00e4derna.<\/p>\n<p>\u2013 Det \u00e4r ett universellt m\u00f6nster kan man s\u00e4ga. Det ser vi \u00e4ven i andra \u00e5rhundraden, att det \u00e4r alltid storst\u00e4derna som \u00e4r mest oikofobiska. S\u00e5 var det i Frankrike p\u00e5 1700-talet och i gamla Grekland. Oikofoberna var alla sammanpackade i Aten, s\u00e4ger Beckeld.<\/p>\n<p>Beckeld menar \u00e4ven att Zohran Mamdani \u00e4r medveten om oikofobin som r\u00e5der i New York. Enligt honom har Mamdani anv\u00e4nt sig av oikofobi f\u00f6r att vinna valet.<\/p>\n<p>\u2013 Det \u00e4r d\u00e4rf\u00f6r han till exempel sitter i sina videos och \u00e4ter ris med handen. D\u00e4rf\u00f6r att han f\u00f6rst\u00e5r att det \u00e4r v\u00e4ldigt m\u00e5nga p\u00e5verkbara, oikofobiska ungdomar i New York som tycker att det \u00e4r v\u00e4ldigt coolt och sp\u00e4nnande att vara fr\u00e5n n\u00e5gon annanstans och att inte vara amerikan.<\/p>\n<p> En sekul\u00e4r muslim \u00e4r extremt <\/p>\n<p>Ut\u00f6ver att Mamdani \u00e4r socialist s\u00e5 \u00e4r han ocks\u00e5 muslim, n\u00e5got som oroar Beckeld. Han menar att m\u00e5nga amerikaner luras av muslimska f\u00f6retr\u00e4dare i USA som verkar mindre religi\u00f6sa och mer sekul\u00e4ra \u00e4n muslimer i Europa.<\/p>\n<p>\u2013 P\u00e5 det stora hela har muslimer assimilerat sig b\u00e4ttre i USA \u00e4n i Europa. Men en av huvudorsakerna till varf\u00f6r det st\u00e4mmer, \u00e4r f\u00f6r att muslimerna fortfarande utg\u00f6r en v\u00e4ldigt liten minoritet h\u00e4r.<\/p>\n<p>Beckeld menar att muslimerna blir mer extrema ju st\u00f6rre den muslimska diasporan blir. Han \u00e4r samtidigt skeptisk till att anv\u00e4nda ordet extremism d\u00e5 han menar att det \u00e4r en kristen v\u00e4sterl\u00e4ndsk beteckning. Inom islam \u00e4r det snarare extremt att vara sekul\u00e4r ber\u00e4ttar han.<\/p>\n<p>\u2013 Det mest ber\u00f6mda exemplet i USA \u00e4r f\u00f6rst\u00e5s Dearborn Michigan, d\u00e4r de har blivit en s\u00e5 stor del av samh\u00e4llet att extremismen har p\u00e5b\u00f6rjats.<\/p>\n<p>Enligt Beckeld har konservativa i USA inte varit lika kritiska som konservativa i Europa gentemot islam. Men det \u00e4r n\u00e5got som h\u00e5ller p\u00e5 att f\u00f6r\u00e4ndras.<\/p>\n<p>\u2013 Vi h\u00e5ller p\u00e5 att komma ikapp Europa. I viss grad till och med g\u00e5tt om Europa i den m\u00e5n att konservativa i USA har b\u00f6rjat prata h\u00f6gljuddare om problemen med islam \u00e4n vad m\u00e5nga europ\u00e9er g\u00f6r.<\/p>\n<p> Om han lyckas blir han inte s\u00e4rskilt popul\u00e4r <\/p>\n<p>Mamdani gick till val p\u00e5 bland annat avgiftsfria bussar, frysta hyror och universell barnomsorg. F\u00f6r att finansiera detta skulle han h\u00f6ja bolagsskatterna och inkomstskatterna f\u00f6r miljon\u00e4rer.<\/p>\n<p>\u2013 Han kommer inte kunna genomf\u00f6ra mycket av det han talat om, vilket \u00e4r b\u00e5de positivt och negativt. Mest positivt s\u00e5klart eftersom hans politik \u00e4r fruktansv\u00e4rd. Men om han inte lyckas genomf\u00f6ra sin politik s\u00e5 skulle det kunna inneb\u00e4ra att han beh\u00e5ller sin popularitet. F\u00f6r om han skulle lyckas s\u00e5 kommer han inte vara s\u00e4rskilt popul\u00e4r.<\/p>\n<p>N\u00e4sta \u00e5r \u00e4r det mellan\u00e5rsval i USA. D\u00e5 ska 35 senatorer, 36 guvern\u00f6rer och 435 representanthusledam\u00f6ter v\u00e4ljas. F\u00f6r tillf\u00e4llet har Republikanerna opinionsm\u00e4tningarna mot sig, framf\u00f6r allt i representanthuset. Men den sittande presidenten brukar oftast f\u00f6rlora representanthuset. I senaten \u00e4r Republikanerna i majoritet med 53 av 100 ledam\u00f6ter.<\/p>\n<p>\u2013 Just nu ser det ju inte s\u00e4rskilt positivt ut i mellan\u00e5rsvalet. I senaten har Republikanerna en viss f\u00f6rdel eftersom det inte \u00e4r s\u00e5 m\u00e5nga som sitter i starkt demokratiska omr\u00e5den. Det ser v\u00e4rre ut i representanthuset. Men ja som sagt, skulle Mamdani lyckas med sin radikala agenda s\u00e5 skulle det naturligtvis hj\u00e4lpa Republikanerna.<\/p>\n","protected":false},"excerpt":{"rendered":"Benedict Beckeld \u00e4r f\u00f6rfattare till boken \u201dWestern Self-Contempt: Oikophobia in the Decline of Civilizations\u201d som handlar om sj\u00e4lvf\u00f6rakt&hellip;\n","protected":false},"author":2,"featured_media":94724,"comment_status":"","ping_status":"","sticky":false,"template":"","format":"standard","meta":{"footnotes":""},"categories":[14],"tags":[22,23,26,27,17,21,24,25,28,29,15,16,18,34,31,33,32,30,19,20,51,52,53,54],"class_list":{"0":"post-94723","1":"post","2":"type-post","3":"status-publish","4":"format-standard","5":"has-post-thumbnail","7":"category-varlden","8":"tag-breaking-news","9":"tag-breakingnews","10":"tag-featured-news","11":"tag-featurednews","12":"tag-headlines","13":"tag-huvudnyheter","14":"tag-latest-news","15":"tag-latestnews","16":"tag-main-news","17":"tag-mainnews","18":"tag-news","19":"tag-nyheter","20":"tag-rubriker","21":"tag-se","22":"tag-svenska","23":"tag-sverige","24":"tag-sweden","25":"tag-swedish","26":"tag-top-stories","27":"tag-topstories","28":"tag-varlden","29":"tag-world","30":"tag-world-news","31":"tag-worldnews"},"share_on_mastodon":{"url":"https:\/\/pubeurope.com\/@se\/115645569077366858","error":""},"_links":{"self":[{"href":"https:\/\/www.europesays.com\/se\/wp-json\/wp\/v2\/posts\/94723","targetHints":{"allow":["GET"]}}],"collection":[{"href":"https:\/\/www.europesays.com\/se\/wp-json\/wp\/v2\/posts"}],"about":[{"href":"https:\/\/www.europesays.com\/se\/wp-json\/wp\/v2\/types\/post"}],"author":[{"embeddable":true,"href":"https:\/\/www.europesays.com\/se\/wp-json\/wp\/v2\/users\/2"}],"replies":[{"embeddable":true,"href":"https:\/\/www.europesays.com\/se\/wp-json\/wp\/v2\/comments?post=94723"}],"version-history":[{"count":0,"href":"https:\/\/www.europesays.com\/se\/wp-json\/wp\/v2\/posts\/94723\/revisions"}],"wp:featuredmedia":[{"embeddable":true,"href":"https:\/\/www.europesays.com\/se\/wp-json\/wp\/v2\/media\/94724"}],"wp:attachment":[{"href":"https:\/\/www.europesays.com\/se\/wp-json\/wp\/v2\/media?parent=94723"}],"wp:term":[{"taxonomy":"category","embeddable":true,"href":"https:\/\/www.europesays.com\/se\/wp-json\/wp\/v2\/categories?post=94723"},{"taxonomy":"post_tag","embeddable":true,"href":"https:\/\/www.europesays.com\/se\/wp-json\/wp\/v2\/tags?post=94723"}],"curies":[{"name":"wp","href":"https:\/\/api.w.org\/{rel}","templated":true}]}}