{"id":94727,"date":"2025-12-01T17:51:13","date_gmt":"2025-12-01T17:51:13","guid":{"rendered":"https:\/\/www.europesays.com\/se\/94727\/"},"modified":"2025-12-01T17:51:13","modified_gmt":"2025-12-01T17:51:13","slug":"kevin-dineen-jag-har-cancer","status":"publish","type":"post","link":"https:\/\/www.europesays.com\/se\/94727\/","title":{"rendered":"Kevin Dineen: &#8221;Jag har cancer&#8221;"},"content":{"rendered":"<p><strong>Som spelare var Kevin Dineen en or\u00e4dd k\u00e4mpe som b\u00e5de producerade po\u00e4ng och spelade fysiskt. Nu g\u00e5r 62-\u00e5ringen sitt livs tuffaste kamp \u2013 efter att ha diagnostiserats med cancer i bukspottsk\u00f6rteln.<br \/>\u201dDet har satt mycket i ett nytt perspektiv\u201d, skriver han p\u00e5 sociala medier-plattformen X.<\/strong><\/p>\n<p><img loading=\"lazy\" decoding=\"async\" width=\"1024\" height=\"658\" src=\"https:\/\/www.europesays.com\/se\/wp-content\/uploads\/2025\/12\/Kevin-Dineen-cancer-1024x658.webp.webp\" alt=\"\" class=\"wp-image-331930\"  \/>NHL-profilen Kevin Dineen har drabbats av cancer i bukspottsk\u00f6rteln. <strong>Foto:<\/strong> Bildbyr\u00e5n &amp; AP Photo\/Alamy<\/p>\n<p>Det var under s\u00f6ndagen som Kevin Dineen \u00f6ppnade upp om sin sjukdom p\u00e5 sociala medier.<\/p>\n<p>I ett inl\u00e4gg p\u00e5 X ber\u00e4ttar den tidigare <a href=\"https:\/\/hockeysverige.se\/nhl\/\" rel=\"nofollow noopener\" target=\"_blank\">NHL<\/a>-spelaren och coachen att han fick reda p\u00e5 att han har cancer i bukspottsk\u00f6rteln f\u00f6r n\u00e5gra m\u00e5nader sedan.<\/p>\n<p>\u201dDet har satt mycket i ett nytt perspektiv, framf\u00f6r allt hur lyckligt lottad jag \u00e4r som \u00e4r omgiven av s\u00e5 m\u00e5nga st\u00f6ttande familjemedlemmar och v\u00e4nner\u201d, skriver Dineen och forts\u00e4tter.<\/p>\n<p>\u201dN\u00e4r <a href=\"https:\/\/x.com\/hashtag\/HockeyFightsCancer?src=hashtag_click\" rel=\"nofollow\">#HockeyFightsCancer<\/a>-m\u00e5naden n\u00e5r sitt slut ville jag dela med mig av min sjukdom eftersom ishockey har l\u00e4rt mig att ingen kamp m\u00f6ts ensam. F\u00f6r alla d\u00e4r ute som k\u00e4mpar med n\u00e5got tungt \u2013 oavsett om det \u00e4r cancer eller en helt annan strid \u2013 vill jag att du ska veta att du inte \u00e4r ensam.\u201d<\/p>\n<blockquote class=\"twitter-tweet\" data-width=\"500\" data-dnt=\"true\">\n<p lang=\"en\" dir=\"ltr\">As <a href=\"https:\/\/twitter.com\/hashtag\/HockeyFightsCancer?src=hash&amp;ref_src=twsrc%5Etfw\" rel=\"nofollow noopener\" target=\"_blank\">#HockeyFightsCancer<\/a> Month comes to an end, I wanted to share my news because hockey has taught me that no fight is faced alone.<br \/>For anyone out there battling something heavy\u2014whether it\u2019s cancer or another fight entirely\u2014I want you to know you are not alone. <a href=\"https:\/\/t.co\/6Jy3eINbdh\" rel=\"nofollow\">https:\/\/t.co\/6Jy3eINbdh<\/a><\/p>\n<p>\u2014 Kevin Dineen (@kdino9) <a href=\"https:\/\/twitter.com\/kdino9\/status\/1995155877528305860?ref_src=twsrc%5Etfw\" rel=\"nofollow noopener\" target=\"_blank\">November 30, 2025<\/a><\/p><\/blockquote>\n<p>Kevin Dineen har vunnit OS-guld och Stanley Cup som coach<\/p>\n<p>Dineen, 62, har inte jobbat inom ishockeyn det senaste \u00e5ret efter att ha sparkats fr\u00e5n tr\u00e4narjobbet i <a href=\"https:\/\/hockeysverige.se\/ahl\/\" rel=\"nofollow noopener\" target=\"_blank\">AHL<\/a>-klubben Utica Comets f\u00f6r ett drygt \u00e5r sedan. Det efter n\u00e4stan tre och en halv s\u00e4song p\u00e5 tr\u00e4narb\u00e4nken hos <a href=\"https:\/\/hockeysverige.se\/klubb\/new-jersey-devils\/\" rel=\"nofollow noopener\" target=\"_blank\">New Jersey Devils<\/a> farmarlag. Sedan han avslutade sin aktiva karri\u00e4r med Columbus Blue Jackets 2002 har Dineen haft \u00e5tskilliga jobb som huvudtr\u00e4nare i AHL, men \u00e4ven hunnit med tv\u00e5 och en halv s\u00e4song som huvudtr\u00e4nare f\u00f6r <a href=\"https:\/\/hockeysverige.se\/klubb\/florida-panthers\/\" rel=\"nofollow noopener\" target=\"_blank\">Florida Panthers<\/a> mellan 2011 och 2013. <\/p>\n<p>2014 ledde han sedan det kanadensiska damlandslaget till <a href=\"https:\/\/hockeysverige.se\/os\/\" rel=\"nofollow noopener\" target=\"_blank\">OS<\/a>-guld i Sotji och coachade samma \u00e5r <a href=\"https:\/\/hockeysverige.se\/landslag\/kanada\/\" rel=\"nofollow noopener\" target=\"_blank\">Kanada<\/a> till brons p\u00e5 <a href=\"https:\/\/hockeysverige.se\/u18-vm\/\" rel=\"nofollow noopener\" target=\"_blank\">U18-VM<\/a>. Som assisterande coach f\u00f6r <a href=\"https:\/\/hockeysverige.se\/klubb\/chicago-blackhawks\/\" rel=\"nofollow noopener\" target=\"_blank\">Chicago Blackhawks<\/a> har han \u00e4ven en Stanley Cup-ring fr\u00e5n 2015.<\/p>\n<p>Under sin tid som spelare noterades Kevin Dineen f\u00f6r 1 188 NHL-matcher med Hartford, Philadelphia, Carolina, Ottawa och Columbus. Han svarade f\u00f6r 355 m\u00e5l och 760 po\u00e4ng och inte mindre \u00e4n 2 229 utvisningsminuter. Det g\u00f6r honom till den 39:e mest utvisade spelaren i ligans historia.<\/p>\n<p>P\u00e5 meritlistan som spelare finns en Canada Cup-seger med Kanada 1987 samt VM-silver 1985 och 1989.<\/p>\n<p><script async src=\"https:\/\/platform.twitter.com\/widgets.js\" charset=\"utf-8\"><\/script><\/p>\n","protected":false},"excerpt":{"rendered":"Som spelare var Kevin Dineen en or\u00e4dd k\u00e4mpe som b\u00e5de producerade po\u00e4ng och spelade fysiskt. Nu g\u00e5r 62-\u00e5ringen&hellip;\n","protected":false},"author":2,"featured_media":94728,"comment_status":"","ping_status":"","sticky":false,"template":"","format":"standard","meta":{"footnotes":""},"categories":[68],"tags":[34,133,111,110,31,33,32,30],"class_list":{"0":"post-94727","1":"post","2":"type-post","3":"status-publish","4":"format-standard","5":"has-post-thumbnail","7":"category-sport","8":"tag-se","9":"tag-second-news","10":"tag-sport","11":"tag-sports","12":"tag-svenska","13":"tag-sverige","14":"tag-sweden","15":"tag-swedish"},"share_on_mastodon":{"url":"https:\/\/pubeurope.com\/@se\/115645584842387151","error":""},"_links":{"self":[{"href":"https:\/\/www.europesays.com\/se\/wp-json\/wp\/v2\/posts\/94727","targetHints":{"allow":["GET"]}}],"collection":[{"href":"https:\/\/www.europesays.com\/se\/wp-json\/wp\/v2\/posts"}],"about":[{"href":"https:\/\/www.europesays.com\/se\/wp-json\/wp\/v2\/types\/post"}],"author":[{"embeddable":true,"href":"https:\/\/www.europesays.com\/se\/wp-json\/wp\/v2\/users\/2"}],"replies":[{"embeddable":true,"href":"https:\/\/www.europesays.com\/se\/wp-json\/wp\/v2\/comments?post=94727"}],"version-history":[{"count":0,"href":"https:\/\/www.europesays.com\/se\/wp-json\/wp\/v2\/posts\/94727\/revisions"}],"wp:featuredmedia":[{"embeddable":true,"href":"https:\/\/www.europesays.com\/se\/wp-json\/wp\/v2\/media\/94728"}],"wp:attachment":[{"href":"https:\/\/www.europesays.com\/se\/wp-json\/wp\/v2\/media?parent=94727"}],"wp:term":[{"taxonomy":"category","embeddable":true,"href":"https:\/\/www.europesays.com\/se\/wp-json\/wp\/v2\/categories?post=94727"},{"taxonomy":"post_tag","embeddable":true,"href":"https:\/\/www.europesays.com\/se\/wp-json\/wp\/v2\/tags?post=94727"}],"curies":[{"name":"wp","href":"https:\/\/api.w.org\/{rel}","templated":true}]}}