{"id":94729,"date":"2025-12-01T17:55:12","date_gmt":"2025-12-01T17:55:12","guid":{"rendered":"https:\/\/www.europesays.com\/se\/94729\/"},"modified":"2025-12-01T17:55:12","modified_gmt":"2025-12-01T17:55:12","slug":"vad-andrij-jermaks-avgang-betyder-for-ukraina","status":"publish","type":"post","link":"https:\/\/www.europesays.com\/se\/94729\/","title":{"rendered":"vad Andrij Jermaks avg\u00e5ng betyder f\u00f6r Ukraina"},"content":{"rendered":"<p>Fotokollage med Ukrainas president Volodymyr Zelenskyj den 23 oktober 2025 och hans numera avg\u00e5ngne chef f\u00f6r presidentkansliet Andrij Jermak den 17 april 2025 Foto: AP Photo\/Harry Nakos och Ludovic Marin, Pool Photo<\/p>\n<p>Ukrainas presidentkanslis chef har tvingats avg\u00e5, vilket internt i det ukrainska politiska livet \u00e4r som en naturkatastrof. Men hur kan en makthavare som formellt bara vara en tj\u00e4nsteman och varken valts av folket i ett val eller av parlamentet ha haft s\u00e5dan enormt inflytande och betydelse?<\/p>\n","protected":false},"excerpt":{"rendered":"Fotokollage med Ukrainas president Volodymyr Zelenskyj den 23 oktober 2025 och hans numera avg\u00e5ngne chef f\u00f6r presidentkansliet Andrij&hellip;\n","protected":false},"author":2,"featured_media":94730,"comment_status":"","ping_status":"","sticky":false,"template":"","format":"standard","meta":{"footnotes":""},"categories":[14],"tags":[22,23,26,27,17,21,24,25,28,29,15,16,18,34,31,33,32,30,19,20,51,52,53,54],"class_list":{"0":"post-94729","1":"post","2":"type-post","3":"status-publish","4":"format-standard","5":"has-post-thumbnail","7":"category-varlden","8":"tag-breaking-news","9":"tag-breakingnews","10":"tag-featured-news","11":"tag-featurednews","12":"tag-headlines","13":"tag-huvudnyheter","14":"tag-latest-news","15":"tag-latestnews","16":"tag-main-news","17":"tag-mainnews","18":"tag-news","19":"tag-nyheter","20":"tag-rubriker","21":"tag-se","22":"tag-svenska","23":"tag-sverige","24":"tag-sweden","25":"tag-swedish","26":"tag-top-stories","27":"tag-topstories","28":"tag-varlden","29":"tag-world","30":"tag-world-news","31":"tag-worldnews"},"share_on_mastodon":{"url":"https:\/\/pubeurope.com\/@se\/115645600428960881","error":""},"_links":{"self":[{"href":"https:\/\/www.europesays.com\/se\/wp-json\/wp\/v2\/posts\/94729","targetHints":{"allow":["GET"]}}],"collection":[{"href":"https:\/\/www.europesays.com\/se\/wp-json\/wp\/v2\/posts"}],"about":[{"href":"https:\/\/www.europesays.com\/se\/wp-json\/wp\/v2\/types\/post"}],"author":[{"embeddable":true,"href":"https:\/\/www.europesays.com\/se\/wp-json\/wp\/v2\/users\/2"}],"replies":[{"embeddable":true,"href":"https:\/\/www.europesays.com\/se\/wp-json\/wp\/v2\/comments?post=94729"}],"version-history":[{"count":0,"href":"https:\/\/www.europesays.com\/se\/wp-json\/wp\/v2\/posts\/94729\/revisions"}],"wp:featuredmedia":[{"embeddable":true,"href":"https:\/\/www.europesays.com\/se\/wp-json\/wp\/v2\/media\/94730"}],"wp:attachment":[{"href":"https:\/\/www.europesays.com\/se\/wp-json\/wp\/v2\/media?parent=94729"}],"wp:term":[{"taxonomy":"category","embeddable":true,"href":"https:\/\/www.europesays.com\/se\/wp-json\/wp\/v2\/categories?post=94729"},{"taxonomy":"post_tag","embeddable":true,"href":"https:\/\/www.europesays.com\/se\/wp-json\/wp\/v2\/tags?post=94729"}],"curies":[{"name":"wp","href":"https:\/\/api.w.org\/{rel}","templated":true}]}}