{"id":94732,"date":"2025-12-01T17:58:09","date_gmt":"2025-12-01T17:58:09","guid":{"rendered":"https:\/\/www.europesays.com\/se\/94732\/"},"modified":"2025-12-01T17:58:09","modified_gmt":"2025-12-01T17:58:09","slug":"mrna-vaccin-mot-influensa-var-battre-an-vanliga-vaccinet","status":"publish","type":"post","link":"https:\/\/www.europesays.com\/se\/94732\/","title":{"rendered":"mRNA-vaccin mot influensa var b\u00e4ttre \u00e4n vanliga vaccinet"},"content":{"rendered":"<p>Amina Manzoor<\/p>\n<p>Publicerad 1 dec 2025 kl 17.00<\/p>\n<p>PremiumEtt muterat virus och ett missmatchat vaccin ger signaler om en tuff influensas\u00e4song.<\/p>\n<p>Men nya och b\u00e4ttre influensavaccin kan vara p\u00e5 g\u00e5ng \u2013 om inte det amerikanska motst\u00e5ndet mot mRNA-forskning s\u00e4tter stopp f\u00f6r utvecklingen.<\/p>\n<p><a href=\"https:\/\/www.expressen.se\/premium\/halsa\/\" rel=\"nofollow noopener\" target=\"_blank\">H\u00e4r hittar du mer om h\u00e4lsa och forskning!<\/a>\u00a0<\/p>\n<p><img   alt=\"\"\/><\/p>\n<p>Varje \u00e5r d\u00f6r mellan 290\u00a0000 och 650\u00a0000 m\u00e4nniskor i influensa i v\u00e4rlden.<\/p>\n<p>Foto: MargJohnsonVA \/ Shutterstock<\/p>\n<p>\u00d6ppna bild i helsk\u00e4rm<\/p>\n<p>Detta \u00e4r en kommenterande text. Analys och st\u00e4llningstaganden \u00e4r skribentens.<\/p>\n","protected":false},"excerpt":{"rendered":"Amina Manzoor Publicerad 1 dec 2025 kl 17.00 PremiumEtt muterat virus och ett missmatchat vaccin ger signaler om&hellip;\n","protected":false},"author":2,"featured_media":94733,"comment_status":"","ping_status":"","sticky":false,"template":"","format":"standard","meta":{"footnotes":""},"categories":[69],"tags":[113,112,45,11207,992,103,34,991,31,33,32,30,995,997,3477],"class_list":{"0":"post-94732","1":"post","2":"type-post","3":"status-publish","4":"format-standard","5":"has-post-thumbnail","7":"category-halsa","8":"tag-halsa","9":"tag-health","10":"tag-location-usa","11":"tag-organization-pfizer","12":"tag-person-robert-f-kennedy-jr","13":"tag-premium","14":"tag-se","15":"tag-sections-aminamanzoor","16":"tag-svenska","17":"tag-sverige","18":"tag-sweden","19":"tag-swedish","20":"tag-topic-pandemi-epidemi","21":"tag-topic-vaccination","22":"tag-topic-virussjukdom"},"share_on_mastodon":{"url":"https:\/\/pubeurope.com\/@se\/115645612468823898","error":""},"_links":{"self":[{"href":"https:\/\/www.europesays.com\/se\/wp-json\/wp\/v2\/posts\/94732","targetHints":{"allow":["GET"]}}],"collection":[{"href":"https:\/\/www.europesays.com\/se\/wp-json\/wp\/v2\/posts"}],"about":[{"href":"https:\/\/www.europesays.com\/se\/wp-json\/wp\/v2\/types\/post"}],"author":[{"embeddable":true,"href":"https:\/\/www.europesays.com\/se\/wp-json\/wp\/v2\/users\/2"}],"replies":[{"embeddable":true,"href":"https:\/\/www.europesays.com\/se\/wp-json\/wp\/v2\/comments?post=94732"}],"version-history":[{"count":0,"href":"https:\/\/www.europesays.com\/se\/wp-json\/wp\/v2\/posts\/94732\/revisions"}],"wp:featuredmedia":[{"embeddable":true,"href":"https:\/\/www.europesays.com\/se\/wp-json\/wp\/v2\/media\/94733"}],"wp:attachment":[{"href":"https:\/\/www.europesays.com\/se\/wp-json\/wp\/v2\/media?parent=94732"}],"wp:term":[{"taxonomy":"category","embeddable":true,"href":"https:\/\/www.europesays.com\/se\/wp-json\/wp\/v2\/categories?post=94732"},{"taxonomy":"post_tag","embeddable":true,"href":"https:\/\/www.europesays.com\/se\/wp-json\/wp\/v2\/tags?post=94732"}],"curies":[{"name":"wp","href":"https:\/\/api.w.org\/{rel}","templated":true}]}}