{"id":94738,"date":"2025-12-01T18:05:35","date_gmt":"2025-12-01T18:05:35","guid":{"rendered":"https:\/\/www.europesays.com\/se\/94738\/"},"modified":"2025-12-01T18:05:35","modified_gmt":"2025-12-01T18:05:35","slug":"nato-utser-lena-persson-herlitz-till-nyckelroll","status":"publish","type":"post","link":"https:\/\/www.europesays.com\/se\/94738\/","title":{"rendered":"Nato utser Lena Persson Herlitz till nyckelroll"},"content":{"rendered":"<p>Publicerad 1 dec 2025 kl 16.29Uppdaterad kl 17.56<\/p>\n<p>Svenska generalmajoren Lena Persson Herlitz g\u00e5r rakt in i Natos toppledning.<\/p>\n<p>Hon utn\u00e4mns till Deputy Assistant Secretary General Intelligence.<\/p>\n<p>\u2013 Det h\u00e4r \u00e4r en viktig utn\u00e4mning f\u00f6r Sverige, s\u00e4ger f\u00f6rsvarsminister P\u00e5l Jonsson (M) i ett pressmeddelande.<\/p>\n<p>Nya supervapnet klart \u2013 ska f\u00f6rsvara Nato<img loading=\"lazy\"   alt=\"\"\/><\/p>\n<p>Generalmajor Lena Persson Herlitz.<\/p>\n<p>Foto: F\u00f6rsvarsmakten<\/p>\n<p>\u00d6ppna bild i helsk\u00e4rm<img loading=\"lazy\"   alt=\"\"\/><\/p>\n<p>Natos flagga.<\/p>\n<p>Foto: JAKUB PORZYCKI\/NURPHOTO\/SHUTTERS \/ SHUTTERSTOCK EDITORIAL\/IBL<\/p>\n<p>\u00d6ppna bild i helsk\u00e4rm<img loading=\"lazy\"   alt=\"\"\/>\u00d6ppna bild i helsk\u00e4rm<\/p>\n<p>Lena Persson Herlitz tilltr\u00e4der efter sommaren 2026.<\/p>\n<p>\u2013 Att jag utn\u00e4mns till den h\u00e4r rollen g\u00f6r mig oerh\u00f6rt stolt och jag ser \u00f6dmjukt fram emot utmaningen. Det \u00e4r ett kvitto p\u00e5 att vi som allierad g\u00f6r ett bra arbete inom <a href=\"https:\/\/www.expressen.se\/tagg\/organization\/nato\/\" class=\"\" rel=\"nofollow noopener\" target=\"_blank\">Nato<\/a> och att v\u00e5r kompetens \u00e4r efterfr\u00e5gad, s\u00e4ger Persson Herlitz i ett pressmeddelande.<\/p>\n<p>I rollen blir hon st\u00e4llf\u00f6retr\u00e4dare till Natos underr\u00e4ttelsechef och f\u00e5r en nyckelposition i arbetet med alliansens underr\u00e4ttelse- och s\u00e4kerhetsfl\u00f6den.<\/p>\n<p>Tidigare jobbat i Afghanistan<\/p>\n<p>Tj\u00e4nsten \u00e4r placerad vid Joint Intelligence and Security Division p\u00e5 Natos h\u00f6gkvarter i Bryssel.<\/p>\n<p>\u2013 Det h\u00e4r \u00e4r en viktig utn\u00e4mning f\u00f6r Sverige. Generalmajor Lena Persson Herlitz blir en av de h\u00f6gsta svenska befattningshavarna i Natostrukturen. Det ligger i linje med Sveriges \u00f6vergripande m\u00e5ls\u00e4ttning att svenskar ska ha relevanta befattningar inom Nato, s\u00e4ger f\u00f6rsvarsminister P\u00e5l Jonson.<\/p>\n<p>Joint Intelligence and Security Division ansvarar bland annat f\u00f6r underr\u00e4ttelseanalys samt underlag till civila och milit\u00e4ra beslutsfattare inom hela alliansen.<\/p>\n<p>Lena Persson Herlitz har en l\u00e5ng karri\u00e4r i F\u00f6rsvarsmakten bakom sig.<\/p>\n<p>Hon har tidigare tj\u00e4nstgjort inom kustartilleriet och gjort utlandsinsatser i Bosnien, Afghanistan och Kosovo. Persson Herlitz arbetade \u00e4ven flera \u00e5r p\u00e5 Must och ledde d\u00e4r den svenska underr\u00e4ttelsecellen i Kabul. \u00c5r 2020 befordrades hon till generalmajor.<\/p>\n<p><img alt=\"\"\/>Ljudklippet gick inte att spela upp<\/p>\n<p>F\u00f6rs\u00f6k igen senare<\/p>\n","protected":false},"excerpt":{"rendered":"Publicerad 1 dec 2025 kl 16.29Uppdaterad kl 17.56 Svenska generalmajoren Lena Persson Herlitz g\u00e5r rakt in i Natos&hellip;\n","protected":false},"author":2,"featured_media":94739,"comment_status":"","ping_status":"","sticky":false,"template":"","format":"standard","meta":{"footnotes":""},"categories":[5],"tags":[50,22,23,26,27,17,21,24,25,28,29,15,16,48,1401,39,18,34,154,31,33,32,30,19,49,20],"class_list":{"0":"post-94738","1":"post","2":"type-post","3":"status-publish","4":"format-standard","5":"has-post-thumbnail","7":"category-rubriker","8":"tag-arme-forsvar","9":"tag-breaking-news","10":"tag-breakingnews","11":"tag-featured-news","12":"tag-featurednews","13":"tag-headlines","14":"tag-huvudnyheter","15":"tag-latest-news","16":"tag-latestnews","17":"tag-main-news","18":"tag-mainnews","19":"tag-news","20":"tag-nyheter","21":"tag-organization-forsvarsmakten","22":"tag-organization-nato","23":"tag-person-pal-jonson","24":"tag-rubriker","25":"tag-se","26":"tag-sections-sverige","27":"tag-svenska","28":"tag-sverige","29":"tag-sweden","30":"tag-swedish","31":"tag-top-stories","32":"tag-topic-militar","33":"tag-topstories"},"share_on_mastodon":{"url":"https:\/\/pubeurope.com\/@se\/115645639753169296","error":""},"_links":{"self":[{"href":"https:\/\/www.europesays.com\/se\/wp-json\/wp\/v2\/posts\/94738","targetHints":{"allow":["GET"]}}],"collection":[{"href":"https:\/\/www.europesays.com\/se\/wp-json\/wp\/v2\/posts"}],"about":[{"href":"https:\/\/www.europesays.com\/se\/wp-json\/wp\/v2\/types\/post"}],"author":[{"embeddable":true,"href":"https:\/\/www.europesays.com\/se\/wp-json\/wp\/v2\/users\/2"}],"replies":[{"embeddable":true,"href":"https:\/\/www.europesays.com\/se\/wp-json\/wp\/v2\/comments?post=94738"}],"version-history":[{"count":0,"href":"https:\/\/www.europesays.com\/se\/wp-json\/wp\/v2\/posts\/94738\/revisions"}],"wp:featuredmedia":[{"embeddable":true,"href":"https:\/\/www.europesays.com\/se\/wp-json\/wp\/v2\/media\/94739"}],"wp:attachment":[{"href":"https:\/\/www.europesays.com\/se\/wp-json\/wp\/v2\/media?parent=94738"}],"wp:term":[{"taxonomy":"category","embeddable":true,"href":"https:\/\/www.europesays.com\/se\/wp-json\/wp\/v2\/categories?post=94738"},{"taxonomy":"post_tag","embeddable":true,"href":"https:\/\/www.europesays.com\/se\/wp-json\/wp\/v2\/tags?post=94738"}],"curies":[{"name":"wp","href":"https:\/\/api.w.org\/{rel}","templated":true}]}}