{"id":94743,"date":"2025-12-01T18:21:17","date_gmt":"2025-12-01T18:21:17","guid":{"rendered":"https:\/\/www.europesays.com\/se\/94743\/"},"modified":"2025-12-01T18:21:17","modified_gmt":"2025-12-01T18:21:17","slug":"misstankt-farligt-foremal-i-solna-boende-inryms","status":"publish","type":"post","link":"https:\/\/www.europesays.com\/se\/94743\/","title":{"rendered":"Misst\u00e4nkt farligt f\u00f6rem\u00e5l i Solna \u2013 boende inryms"},"content":{"rendered":"<p>Polisen \u00e4r just nu p\u00e5 plats i Solna utanf\u00f6r Stockholm med anledning av en sm\u00e4ll i en trappuppg\u00e5ng i ett flerfamiljshus. Patrullerna p\u00e5 plats har hittat ett misst\u00e4nkt farligt f\u00f6rem\u00e5l, skriver polisen p\u00e5 sin hemsida. <\/p>\n<p>Boende i huset har f\u00e5tt information om att de ska stanna inne tills f\u00f6rem\u00e5let \u00e4r omh\u00e4ndertaget. <\/p>\n<p>Det finns inga uppgifter om att n\u00e5gon kommit till skada. <\/p>\n<p>Omni \u00e4r politiskt obundna och oberoende. Vi str\u00e4var efter att ge fler perspektiv p\u00e5 nyheterna. Har du fr\u00e5gor eller synpunkter kring v\u00e5r rapportering? <a href=\"https:\/\/omni.se\/misstankt-farligt-foremal-i-solna-boende-inryms\/a\/mailto:redaktion@omni.se\" class=\"ArticleActions_contactLink__W2F1M\" rel=\"nofollow noopener\" target=\"_blank\">Kontakta redaktionen<\/a><\/p>\n","protected":false},"excerpt":{"rendered":"Polisen \u00e4r just nu p\u00e5 plats i Solna utanf\u00f6r Stockholm med anledning av en sm\u00e4ll i en trappuppg\u00e5ng&hellip;\n","protected":false},"author":2,"featured_media":94744,"comment_status":"","ping_status":"","sticky":false,"template":"","format":"standard","meta":{"footnotes":""},"categories":[5],"tags":[22,23,26,27,17,21,24,25,28,29,15,16,18,34,2886,127,31,33,32,30,19,20],"class_list":{"0":"post-94743","1":"post","2":"type-post","3":"status-publish","4":"format-standard","5":"has-post-thumbnail","7":"category-rubriker","8":"tag-breaking-news","9":"tag-breakingnews","10":"tag-featured-news","11":"tag-featurednews","12":"tag-headlines","13":"tag-huvudnyheter","14":"tag-latest-news","15":"tag-latestnews","16":"tag-main-news","17":"tag-mainnews","18":"tag-news","19":"tag-nyheter","20":"tag-rubriker","21":"tag-se","22":"tag-solna","23":"tag-stockholms-lan","24":"tag-svenska","25":"tag-sverige","26":"tag-sweden","27":"tag-swedish","28":"tag-top-stories","29":"tag-topstories"},"share_on_mastodon":{"url":"https:\/\/pubeurope.com\/@se\/115645702681870657","error":""},"_links":{"self":[{"href":"https:\/\/www.europesays.com\/se\/wp-json\/wp\/v2\/posts\/94743","targetHints":{"allow":["GET"]}}],"collection":[{"href":"https:\/\/www.europesays.com\/se\/wp-json\/wp\/v2\/posts"}],"about":[{"href":"https:\/\/www.europesays.com\/se\/wp-json\/wp\/v2\/types\/post"}],"author":[{"embeddable":true,"href":"https:\/\/www.europesays.com\/se\/wp-json\/wp\/v2\/users\/2"}],"replies":[{"embeddable":true,"href":"https:\/\/www.europesays.com\/se\/wp-json\/wp\/v2\/comments?post=94743"}],"version-history":[{"count":0,"href":"https:\/\/www.europesays.com\/se\/wp-json\/wp\/v2\/posts\/94743\/revisions"}],"wp:featuredmedia":[{"embeddable":true,"href":"https:\/\/www.europesays.com\/se\/wp-json\/wp\/v2\/media\/94744"}],"wp:attachment":[{"href":"https:\/\/www.europesays.com\/se\/wp-json\/wp\/v2\/media?parent=94743"}],"wp:term":[{"taxonomy":"category","embeddable":true,"href":"https:\/\/www.europesays.com\/se\/wp-json\/wp\/v2\/categories?post=94743"},{"taxonomy":"post_tag","embeddable":true,"href":"https:\/\/www.europesays.com\/se\/wp-json\/wp\/v2\/tags?post=94743"}],"curies":[{"name":"wp","href":"https:\/\/api.w.org\/{rel}","templated":true}]}}