{"id":94745,"date":"2025-12-01T18:27:09","date_gmt":"2025-12-01T18:27:09","guid":{"rendered":"https:\/\/www.europesays.com\/se\/94745\/"},"modified":"2025-12-01T18:27:09","modified_gmt":"2025-12-01T18:27:09","slug":"jermaks-raseri-pa-zelenskyj-fick-sparken","status":"publish","type":"post","link":"https:\/\/www.europesays.com\/se\/94745\/","title":{"rendered":"Jermaks raseri p\u00e5 Zelenskyj \u2013\nfick sparken"},"content":{"rendered":"<p>Publicerad 1 dec 2025 kl 19.08Uppdaterad kl 19.21<\/p>\n<p>Volodymyr Zelenskyj tvingades sparka sin h\u00f6gra hand Andrij Jermak efter korruptionsanklagelser.\u00a0<\/p>\n<p>Han tog inte emot beskedet v\u00e4l, enligt uppgifter till <a href=\"https:\/\/www.pravda.com.ua\/articles\/2025\/12\/01\/8009699\/\" rel=\"nofollow noopener\" target=\"_blank\">Ukrainska Pravda<\/a>.\u00a0<\/p>\n<p>Stabschefen ska ha f\u00f6rol\u00e4mpat och anklagat sin president under ett halvtimmesutbrott.\u00a0<\/p>\n<p>Ukrainas attack \u2013 ryssarna \u00f6verrumplas.<img loading=\"lazy\"   alt=\"\"\/><\/p>\n<p>Andrij Jermak, Zelenskyjs n\u00e4rmaste man, tvingades under fredagen avg\u00e5 efter korruptionsanklagelser.<\/p>\n<p>Foto: UKRINFORM\/SHUTTERSTOCK<\/p>\n<p>\u00d6ppna bild i helsk\u00e4rm<img loading=\"lazy\"   alt=\"\"\/><\/p>\n<p>Jermaks raseriutbrott uppges ha fungerat som ett uppvaknande f\u00f6r Zelenskyj.<\/p>\n<p>Foto: POU \/ STELLA PICTURES<\/p>\n<p>\u00d6ppna bild i helsk\u00e4rmArtikeln i korthet<\/p>\n<p> Zelenskyj sparkade sin n\u00e4rmaste man Andrij Jermak efter korruptionsanklagelser.<\/p>\n<p> Jermak rasade mot presidenten i ett halvtimmesutbrott.<\/p>\n<p> Razzia i Jermaks bostad \u2013 datorer och mobiler beslagtogs.<\/p>\n<p> Jermak pekas ut som \u201dAli Baba\u201d i miljardutredning.<\/p>\n<p>Visa mer<\/p>\n<p>I det l\u00e4ngsta uppges Zelenskyj ha f\u00f6rs\u00f6kt h\u00e5lla sin n\u00e4rmaste man, Andrij Jermak, utanf\u00f6r den sv\u00e4llande korruptionsutredningen i statliga energibolaget Energoatom.\u00a0<\/p>\n<p>I fredags gick det inte l\u00e4ngre.\u00a0<\/p>\n<p>Antikorruptionsmyndigheterna Nabu och Sapo genomf\u00f6rde en razzia i Jermaks privata bostad i presidentkomplexet i Kiev.\u00a0<\/p>\n<p>Samtidigt hade en grupp sammansvurna \u201drevolution\u00e4rer\u201d inom de h\u00f6gsta skikten i statsf\u00f6rvaltningen drivit en kampanj f\u00f6r att f\u00e5 Jermak avsatt, rapporterar Ukrainska Pravda.\u00a0<\/p>\n<p>Raseriet efter uppmaningen<\/p>\n<p>Efter samr\u00e5d med andra personer i <a href=\"https:\/\/www.expressen.se\/tagg\/location\/ukraina\/\" class=\"\" rel=\"nofollow noopener\" target=\"_blank\">Ukrainas<\/a> ledarskikt kallades stabschefen Jermak, som fungerat som chefsf\u00f6rhandlare i fredssamtalen, upp till Zelenskyjs kontor.\u00a0<\/p>\n<p>D\u00e4r m\u00f6ttes han av presidenten och dennes team som gav honom beskedet.\u00a0<\/p>\n<p>N\u00e4r Zelenskyj uppmanade Jermak att skriva under ett uttalande kring sin avg\u00e5ng reagerade stabschefen med raseri, enligt tidningens k\u00e4llor.\u00a0<\/p>\n<p>Han ska under en halvtimmes tid ha f\u00f6rol\u00e4mpat, anklagat och tillr\u00e4ttavisat presidenten, enligt k\u00e4llorna. \u00a0<\/p>\n<p>\u2013 Jermak trodde inte f\u00f6rr\u00e4n i det sista att Zelenskyj skulle avs\u00e4tta honom. Och \u00e4nd\u00e5 \u2013 genom att konfrontera honom med faktumet. De s\u00e4ger att det som uppr\u00f6rde honom mest var att presidenten \u00f6vergav honom, s\u00e4ger en k\u00e4lla som tillh\u00f6r Jermaks innersta krets till <a href=\"https:\/\/www.pravda.com.ua\/articles\/2025\/12\/01\/8009699\/\" rel=\"nofollow noopener\" target=\"_blank\">Ukrainska Pravda<\/a>.\u00a0<\/p>\n<p>Pekas ut som \u201dAli Baba\u201d<\/p>\n<p>Tidningen uppger dock att Jermaks reaktion blev ett uppvaknande f\u00f6r Zelenskyj och ett kvitto p\u00e5 att han fattat r\u00e4tt beslut om mannen som st\u00e5tt vid hans sida sedan Ryssland startade invasionen den 24 februari 2022. \u00a0<\/p>\n<p>Vid razzian mot Jermak beslagtogs datorer och mobiltelefoner, enligt tidningens uppgifter.\u00a0<\/p>\n<p>Han har i korruptionsutredningen, som omfattar motsvarande omkring 1 miljard svenska kronor i mutor, blivit anklagad f\u00f6r att ligga bakom aliaset \u201dAli Baba\u201d. Men \u00e4nnu inte blivit delgiven misstankar.<\/p>\n","protected":false},"excerpt":{"rendered":"Publicerad 1 dec 2025 kl 19.08Uppdaterad kl 19.21 Volodymyr Zelenskyj tvingades sparka sin h\u00f6gra hand Andrij Jermak efter&hellip;\n","protected":false},"author":2,"featured_media":94746,"comment_status":"","ping_status":"","sticky":false,"template":"","format":"standard","meta":{"footnotes":""},"categories":[14],"tags":[22,23,26,27,17,21,24,25,2156,274,202,28,29,15,16,906,18,34,55,31,33,32,30,19,60,7533,20,51,52,53,54],"class_list":{"0":"post-94745","1":"post","2":"type-post","3":"status-publish","4":"format-standard","5":"has-post-thumbnail","7":"category-varlden","8":"tag-breaking-news","9":"tag-breakingnews","10":"tag-featured-news","11":"tag-featurednews","12":"tag-headlines","13":"tag-huvudnyheter","14":"tag-latest-news","15":"tag-latestnews","16":"tag-location-kiev","17":"tag-location-ryssland","18":"tag-location-ukraina","19":"tag-main-news","20":"tag-mainnews","21":"tag-news","22":"tag-nyheter","23":"tag-person-volodymyr-zelenskyj","24":"tag-rubriker","25":"tag-se","26":"tag-sections-varlden","27":"tag-svenska","28":"tag-sverige","29":"tag-sweden","30":"tag-swedish","31":"tag-top-stories","32":"tag-topic-krig-konflikt","33":"tag-topic-muta-korruption","34":"tag-topstories","35":"tag-varlden","36":"tag-world","37":"tag-world-news","38":"tag-worldnews"},"share_on_mastodon":{"url":"https:\/\/pubeurope.com\/@se\/115645726282694773","error":""},"_links":{"self":[{"href":"https:\/\/www.europesays.com\/se\/wp-json\/wp\/v2\/posts\/94745","targetHints":{"allow":["GET"]}}],"collection":[{"href":"https:\/\/www.europesays.com\/se\/wp-json\/wp\/v2\/posts"}],"about":[{"href":"https:\/\/www.europesays.com\/se\/wp-json\/wp\/v2\/types\/post"}],"author":[{"embeddable":true,"href":"https:\/\/www.europesays.com\/se\/wp-json\/wp\/v2\/users\/2"}],"replies":[{"embeddable":true,"href":"https:\/\/www.europesays.com\/se\/wp-json\/wp\/v2\/comments?post=94745"}],"version-history":[{"count":0,"href":"https:\/\/www.europesays.com\/se\/wp-json\/wp\/v2\/posts\/94745\/revisions"}],"wp:featuredmedia":[{"embeddable":true,"href":"https:\/\/www.europesays.com\/se\/wp-json\/wp\/v2\/media\/94746"}],"wp:attachment":[{"href":"https:\/\/www.europesays.com\/se\/wp-json\/wp\/v2\/media?parent=94745"}],"wp:term":[{"taxonomy":"category","embeddable":true,"href":"https:\/\/www.europesays.com\/se\/wp-json\/wp\/v2\/categories?post=94745"},{"taxonomy":"post_tag","embeddable":true,"href":"https:\/\/www.europesays.com\/se\/wp-json\/wp\/v2\/tags?post=94745"}],"curies":[{"name":"wp","href":"https:\/\/api.w.org\/{rel}","templated":true}]}}