{"id":94748,"date":"2025-12-01T18:35:14","date_gmt":"2025-12-01T18:35:14","guid":{"rendered":"https:\/\/www.europesays.com\/se\/94748\/"},"modified":"2025-12-01T18:35:14","modified_gmt":"2025-12-01T18:35:14","slug":"netanyahu-vill-bli-benadad-goteborgs-posten","status":"publish","type":"post","link":"https:\/\/www.europesays.com\/se\/94748\/","title":{"rendered":"Netanyahu vill bli ben\u00e5dad | G\u00f6teborgs-Posten"},"content":{"rendered":"<p>\u2013 F\u00f6r att avv\u00e4rja hoten och f\u00f6rverkliga m\u00f6jligheterna kr\u00e4vs nationell enighet, s\u00e4ger han i ett videouttalande, rapporterar<a id=\"ZlJD8vZQayqyPcya\" href=\"https:\/\/www.timesofisrael.com\/liveblog-november-30-2025\/\" rel=\"nofollow noopener\" target=\"_blank\"> The Times of Israel<\/a>.<\/p>\n<p>R\u00e4ttsprocessen mot Netanyahu har p\u00e5g\u00e5tt i flera \u00e5r. Han utreds f\u00f6r bedr\u00e4geri, mutbrott och trol\u00f6shet mot huvudman i tre separata r\u00e4ttsfall. Anklagelserna best\u00e5r bland annat av mottagandet av dyra g\u00e5vor \u2013 d\u00e4ribland champagneflaskor och cigarrer. Brotten har kopplingar till Qatar.<\/p>\n<p>Fr\u00e4mja f\u00f6rsoning<\/p>\n<p>Netanyahu s\u00e4ger i videomeddelandet att han g\u00e4rna skulle vilja fullf\u00f6lja r\u00e4tteg\u00e5ngen. Han tror att det skulle rentv\u00e5 honom. Men att \u201dnationens intresse\u201d kr\u00e4ver annat, d\u00e5 landet \u201dslits itu inifr\u00e5n\u201d.<\/p>\n<p>\u2013 Ett omedelbart slut p\u00e5 r\u00e4tteg\u00e5ngen skulle kraftigt s\u00e4nka temperaturen och fr\u00e4mja bred f\u00f6rsoning \u2013 n\u00e5got som v\u00e5rt land desperat beh\u00f6ver.<\/p>\n<p>Sj\u00e4lva n\u00e5deans\u00f6kan till president Isaac Herzog best\u00e5r av ett dokument fr\u00e5n Netanyahus advokat och ett personligt brev.<\/p>\n<p>Justitiedepartementet kommer nu att samla in underlag och sedan komma med en rekommendation till Herzog, enligt ett uttalande fr\u00e5n presidentkansliet.<\/p>\n<p>\u201dPresident\u00e4mbetet \u00e4r medvetet om att det h\u00e4r \u00e4r en extraordin\u00e4r f\u00f6rfr\u00e5gan som b\u00e4r med sig betydande konsekvenser\u201d, skriver kansliet.<\/p>\n<p>Herzog kommer att ta st\u00e4llning till saken \u201dansvarsfullt och uppriktigt\u201d n\u00e4r v\u00e4l alla juridiska f\u00f6ruts\u00e4ttningar ligger p\u00e5 bordet.<\/p>\n<p>P\u00e5hejad av Trump<\/p>\n<p>Netanyahus drag f\u00e5r omedelbart kritik av oppositionen. Yair Golan, ledare f\u00f6r Demokraterna, s\u00e4ger i en kommentar att \u201dbara de skyldiga ans\u00f6ker om n\u00e5d\u201d, skriver <a id=\"oTCs3EsYf6yCXaap\" href=\"https:\/\/www.haaretz.com\/israel-news\/2025-11-30\/ty-article\/.premium\/netanyahu-submits-pardon-request-to-president-herzog-over-criminal-corruption-casess\/0000019a-d450-dcd7-a3be-de793b200000\" rel=\"nofollow noopener\" target=\"_blank\">Haaretz<\/a>.<\/p>\n<p>Oppositionsledare Yair Lapid s\u00e4ger i sin tur i en video att presidenten \u201dinte kan ben\u00e5da Netanyahu utan ett erk\u00e4nnande om skuld, ett uttryck f\u00f6r \u00e5nger och en omedelbar pensionering fr\u00e5n det politiska livet\u201d.<\/p>\n<p>USA:s president Donald Trump har hejat p\u00e5 Netanyahu och bland annat i ett brev uppmanat Isaac Herzog att \u201dfullt ut ben\u00e5da\u201d honom.<\/p>\n<p>Israels president har makt att ben\u00e5da fr\u00e4mst redan d\u00f6mda personer. Men kan ocks\u00e5 g\u00f6ra det innan dom faller om det anses vara i allm\u00e4nhetens intresse, skriver The Times of Israel.<\/p>\n","protected":false},"excerpt":{"rendered":"\u2013 F\u00f6r att avv\u00e4rja hoten och f\u00f6rverkliga m\u00f6jligheterna kr\u00e4vs nationell enighet, s\u00e4ger han i ett videouttalande, rapporterar The&hellip;\n","protected":false},"author":2,"featured_media":94749,"comment_status":"","ping_status":"","sticky":false,"template":"","format":"standard","meta":{"footnotes":""},"categories":[14],"tags":[22,23,26,27,17,21,24,25,28,29,15,16,18,34,31,33,32,30,19,20,51,52,53,54],"class_list":{"0":"post-94748","1":"post","2":"type-post","3":"status-publish","4":"format-standard","5":"has-post-thumbnail","7":"category-varlden","8":"tag-breaking-news","9":"tag-breakingnews","10":"tag-featured-news","11":"tag-featurednews","12":"tag-headlines","13":"tag-huvudnyheter","14":"tag-latest-news","15":"tag-latestnews","16":"tag-main-news","17":"tag-mainnews","18":"tag-news","19":"tag-nyheter","20":"tag-rubriker","21":"tag-se","22":"tag-svenska","23":"tag-sverige","24":"tag-sweden","25":"tag-swedish","26":"tag-top-stories","27":"tag-topstories","28":"tag-varlden","29":"tag-world","30":"tag-world-news","31":"tag-worldnews"},"share_on_mastodon":{"url":"https:\/\/pubeurope.com\/@se\/115645757714898433","error":""},"_links":{"self":[{"href":"https:\/\/www.europesays.com\/se\/wp-json\/wp\/v2\/posts\/94748","targetHints":{"allow":["GET"]}}],"collection":[{"href":"https:\/\/www.europesays.com\/se\/wp-json\/wp\/v2\/posts"}],"about":[{"href":"https:\/\/www.europesays.com\/se\/wp-json\/wp\/v2\/types\/post"}],"author":[{"embeddable":true,"href":"https:\/\/www.europesays.com\/se\/wp-json\/wp\/v2\/users\/2"}],"replies":[{"embeddable":true,"href":"https:\/\/www.europesays.com\/se\/wp-json\/wp\/v2\/comments?post=94748"}],"version-history":[{"count":0,"href":"https:\/\/www.europesays.com\/se\/wp-json\/wp\/v2\/posts\/94748\/revisions"}],"wp:featuredmedia":[{"embeddable":true,"href":"https:\/\/www.europesays.com\/se\/wp-json\/wp\/v2\/media\/94749"}],"wp:attachment":[{"href":"https:\/\/www.europesays.com\/se\/wp-json\/wp\/v2\/media?parent=94748"}],"wp:term":[{"taxonomy":"category","embeddable":true,"href":"https:\/\/www.europesays.com\/se\/wp-json\/wp\/v2\/categories?post=94748"},{"taxonomy":"post_tag","embeddable":true,"href":"https:\/\/www.europesays.com\/se\/wp-json\/wp\/v2\/tags?post=94748"}],"curies":[{"name":"wp","href":"https:\/\/api.w.org\/{rel}","templated":true}]}}