{"id":94750,"date":"2025-12-01T18:37:35","date_gmt":"2025-12-01T18:37:35","guid":{"rendered":"https:\/\/www.europesays.com\/se\/94750\/"},"modified":"2025-12-01T18:37:35","modified_gmt":"2025-12-01T18:37:35","slug":"fornuft-och-kansla-polistidningen","status":"publish","type":"post","link":"https:\/\/www.europesays.com\/se\/94750\/","title":{"rendered":"F\u00f6rnuft och k\u00e4nsla! &#8211; Polistidningen"},"content":{"rendered":"<p><strong>Givetvis skall inte vi poliser st\u00e5 ut med<\/strong> massa kr\u00e4nkande p\u00e5hopp. Givetvis har v\u00e5r arbetsmilj\u00f6 blivit v\u00e4rre och yrket mer utsatt. Det skall beivras och v\u00e5rt skydd st\u00e4rkas.<\/p>\n<p>Men viss mental beredskap och f\u00f6rm\u00e5ga att t\u00e5la f\u00f6rol\u00e4mpade saker sagda i affekt m\u00e5ste en polis besitta enligt mig. Vi ingriper, ofta v\u00e5ldsamt och dramatiskt mot m\u00e4nniskor, i situationer d\u00e5 dom \u00e4r arga, r\u00e4dda, berusade eller inte i psykisk balans. Att m\u00e4nniskor d\u00e5 skriker f\u00f6rol\u00e4mpande saker m\u00e5ste vi kunna hantera. Utan att driva det som r\u00e4ttsprocess upp i domstol.<\/p>\n<p><strong>Vi har ett massivt st\u00f6d<\/strong> och h\u00f6gt f\u00f6rtroende bland v\u00e5ra medborgare. Dom ser hur vi sliter och vad vi uts\u00e4tts f\u00f6r i jobbet. Jag tror vi \u00e4ventyrar det f\u00f6rtroendet n\u00e4r vi massanm\u00e4ler och utreder m\u00e4ngder med f\u00f6rol\u00e4mpningsbrott av icke allvarlig karakt\u00e4r mot poliser. N\u00e4r andra brott l\u00e4ggs p\u00e5 h\u00f6g eller l\u00e4ggs ner av samma polisk\u00e5r.<\/p>\n<p>Nu tror jag domstolarna p\u00e5 sikt kommer klarg\u00f6ra detta f\u00f6r oss. N\u00e5gra v\u00e4l avv\u00e4gda domslut kommer tydligg\u00f6ra vad som \u00e4r att bed\u00f6mda som brottsligt, och d\u00e4rmed vad som \u00e4r fog att anm\u00e4la.<\/p>\n<p><strong>Hittills har jag sett<\/strong> en s\u00e5dan v\u00e4l avv\u00e4gd dom, den kvinnliga kollega som upprepade g\u00e5nger kallades hora av en man hon ingrep mot. En logiskt domslut i linje med den nya lagens intention<\/p>\n<p>I v\u00e4ntan p\u00e5 mer juridiska klarg\u00f6randen vill jag uppmana mina kollegor att anv\u00e4nda f\u00f6rnuft och k\u00e4nsla. S\u00e4ger ditt f\u00f6rnuft att detta \u00e4r ett \u00e4rende som b\u00f6r drivas till domstol? S\u00e4ger din k\u00e4nsla att detta \u00e4r ett \u00e4rende som b\u00f6r drivas till domstol?<\/p>\n<p>\u00c4r svaret nej p\u00e5 dessa tv\u00e5 fr\u00e5gor? Anm\u00e4l d\u00e5 inte det hetsigt sagda.<\/p>\n","protected":false},"excerpt":{"rendered":"Givetvis skall inte vi poliser st\u00e5 ut med massa kr\u00e4nkande p\u00e5hopp. Givetvis har v\u00e5r arbetsmilj\u00f6 blivit v\u00e4rre och&hellip;\n","protected":false},"author":2,"featured_media":94751,"comment_status":"","ping_status":"","sticky":false,"template":"","format":"standard","meta":{"footnotes":""},"categories":[5],"tags":[22,23,26,27,11208,17,21,5558,24,25,28,29,15,16,18,34,31,33,32,30,19,20,11209],"class_list":{"0":"post-94750","1":"post","2":"type-post","3":"status-publish","4":"format-standard","5":"has-post-thumbnail","7":"category-rubriker","8":"tag-breaking-news","9":"tag-breakingnews","10":"tag-featured-news","11":"tag-featurednews","12":"tag-forolampning","13":"tag-headlines","14":"tag-huvudnyheter","15":"tag-lag","16":"tag-latest-news","17":"tag-latestnews","18":"tag-main-news","19":"tag-mainnews","20":"tag-news","21":"tag-nyheter","22":"tag-rubriker","23":"tag-se","24":"tag-svenska","25":"tag-sverige","26":"tag-sweden","27":"tag-swedish","28":"tag-top-stories","29":"tag-topstories","30":"tag-viktor-adolphson"},"share_on_mastodon":{"url":"https:\/\/pubeurope.com\/@se\/115645765601199044","error":""},"_links":{"self":[{"href":"https:\/\/www.europesays.com\/se\/wp-json\/wp\/v2\/posts\/94750","targetHints":{"allow":["GET"]}}],"collection":[{"href":"https:\/\/www.europesays.com\/se\/wp-json\/wp\/v2\/posts"}],"about":[{"href":"https:\/\/www.europesays.com\/se\/wp-json\/wp\/v2\/types\/post"}],"author":[{"embeddable":true,"href":"https:\/\/www.europesays.com\/se\/wp-json\/wp\/v2\/users\/2"}],"replies":[{"embeddable":true,"href":"https:\/\/www.europesays.com\/se\/wp-json\/wp\/v2\/comments?post=94750"}],"version-history":[{"count":0,"href":"https:\/\/www.europesays.com\/se\/wp-json\/wp\/v2\/posts\/94750\/revisions"}],"wp:featuredmedia":[{"embeddable":true,"href":"https:\/\/www.europesays.com\/se\/wp-json\/wp\/v2\/media\/94751"}],"wp:attachment":[{"href":"https:\/\/www.europesays.com\/se\/wp-json\/wp\/v2\/media?parent=94750"}],"wp:term":[{"taxonomy":"category","embeddable":true,"href":"https:\/\/www.europesays.com\/se\/wp-json\/wp\/v2\/categories?post=94750"},{"taxonomy":"post_tag","embeddable":true,"href":"https:\/\/www.europesays.com\/se\/wp-json\/wp\/v2\/tags?post=94750"}],"curies":[{"name":"wp","href":"https:\/\/api.w.org\/{rel}","templated":true}]}}