{"id":94775,"date":"2025-12-01T19:35:11","date_gmt":"2025-12-01T19:35:11","guid":{"rendered":"https:\/\/www.europesays.com\/se\/94775\/"},"modified":"2025-12-01T19:35:11","modified_gmt":"2025-12-01T19:35:11","slug":"orden-om-alexander-isak-gillar-att-vara-ensam-premier-league","status":"publish","type":"post","link":"https:\/\/www.europesays.com\/se\/94775\/","title":{"rendered":"Orden om Alexander Isak: \u201dGillar att vara ensam\u201d | Premier League"},"content":{"rendered":"<p>Publicerad 1 dec 2025 kl 19.26Uppdaterad kl 19.56<\/p>\n<p>P\u00e5 planen har Alexander Isak gjort sitt f\u00f6rsta ligam\u00e5l.<\/p>\n<p>Utanf\u00f6r planen h\u00e5ller han d\u00e4remot l\u00e5g profil.<\/p>\n<p>\u2013 Alex \u00e4r v\u00e4ldigt tyst, s\u00e4ger Alexis Mac Allister till <a href=\"https:\/\/www.liverpoolecho.co.uk\/sport\/football\/football-news\/alexis-mac-allister-alexander-isak-32978595\" rel=\"nofollow noopener\" target=\"_blank\">Liverpool Echo.<\/a><\/p>\n<p><img   alt=\"\"\/> <\/p>\n<p>Foto: ADAM VAUGHAN \/ EPA<\/p>\n<p>\u00d6ppna bild i helsk\u00e4rm<img loading=\"lazy\"   alt=\"\"\/> <\/p>\n<p>Foto: ELLI BIRCH\/IPS\/SHUTTERSTOCK \/ SHUTTERSTOCK EDITORIAL\/IBL<\/p>\n<p>\u00d6ppna bild i helsk\u00e4rm<\/p>\n<p>I helgen gjorde <a href=\"https:\/\/www.expressen.se\/tagg\/person\/alexander-isak\/\" class=\"\" rel=\"nofollow noopener\" target=\"_blank\">Alexander Isak<\/a> sitt f\u00f6rsta ligam\u00e5l f\u00f6r Liverpool.\u00a0<\/p>\n<p>Ett efterl\u00e4ngtat s\u00e5dant \u2013 f\u00f6r b\u00e5de Isak och laget.<\/p>\n<p>\u2013 Jag \u00e4r verkligen glad eftersom han f\u00f6rtj\u00e4nar det, s\u00e4ger lagkamraten Alexis Mac Allister till <a href=\"https:\/\/www.liverpoolecho.co.uk\/sport\/football\/football-news\/alexis-mac-allister-alexander-isak-32978595\" rel=\"nofollow noopener\" target=\"_blank\">Liverpool Echo<\/a>.<\/p>\n<p>Den argentinske mittf\u00e4ltsstj\u00e4rnan medger att Isaks fulltr\u00e4ff ger hela laget en en skjuts i r\u00e4tt riktning \u2013 efter veckor av dalande resultat.<\/p>\n<p><img loading=\"lazy\"   alt=\"\"\/> <\/p>\n<p>Foto: JON SUPER \/ AP TT NYHETSBYR\u00c5N<\/p>\n<p>\u00d6ppna bild i helsk\u00e4rm<\/p>\n<p>Det fanns f\u00f6rvisso en sak med Isaks m\u00e5l som gjorde Mac Allister f\u00f6rbryllad.<\/p>\n<p>\u2013 Jag tycker att han \u00e4r en fantastisk spelare, det vet vi alla. Men jag sk\u00e4mtade med honom eftersom han inte ler n\u00e4r han g\u00f6r m\u00e5l, s\u00e4ger Mac Allister och utvecklar hur Isak \u00e4r utanf\u00f6r planen.<\/p>\n<p>\u2013 Alex \u00e4r v\u00e4ldigt tyst. Han gillar att vara ensam ibland. Jag f\u00f6rs\u00f6ker prata med honom d\u00e5 hans spanska \u00e4r ganska bra. Men ja, han \u00e4r en tyst kille. Vi \u00e4r alla glada att ha honom h\u00e4r.<\/p>\n<p>H\u00e4rn\u00e4st v\u00e4ntar ligamatcher mot Sunderland och Leeds. Om det blir segrar d\u00e4r \u2013 g\u00f6r \u00e5ttondeplacerade Liverpool ett rej\u00e4lt lyft i tabellen.<\/p>\n<p>\u2013 Vi sitter alla i samma b\u00e5t och f\u00f6rs\u00f6ker ta oss ur den h\u00e4r situationen, s\u00e4ger Alexis Mac Allister.<\/p>\n","protected":false},"excerpt":{"rendered":"Publicerad 1 dec 2025 kl 19.26Uppdaterad kl 19.56 P\u00e5 planen har Alexander Isak gjort sitt f\u00f6rsta ligam\u00e5l. Utanf\u00f6r&hellip;\n","protected":false},"author":2,"featured_media":94776,"comment_status":"","ping_status":"","sticky":false,"template":"","format":"standard","meta":{"footnotes":""},"categories":[68],"tags":[246,244,243,34,129,242,111,110,31,33,32,30],"class_list":{"0":"post-94775","1":"post","2":"type-post","3":"status-publish","4":"format-standard","5":"has-post-thumbnail","7":"category-sport","8":"tag-organization-liverpool-fc","9":"tag-organization-premier-league","10":"tag-person-alexander-isak","11":"tag-se","12":"tag-sections-fotboll","13":"tag-sections-premierleague","14":"tag-sport","15":"tag-sports","16":"tag-svenska","17":"tag-sverige","18":"tag-sweden","19":"tag-swedish"},"share_on_mastodon":{"url":"https:\/\/pubeurope.com\/@se\/115645993631630476","error":""},"_links":{"self":[{"href":"https:\/\/www.europesays.com\/se\/wp-json\/wp\/v2\/posts\/94775","targetHints":{"allow":["GET"]}}],"collection":[{"href":"https:\/\/www.europesays.com\/se\/wp-json\/wp\/v2\/posts"}],"about":[{"href":"https:\/\/www.europesays.com\/se\/wp-json\/wp\/v2\/types\/post"}],"author":[{"embeddable":true,"href":"https:\/\/www.europesays.com\/se\/wp-json\/wp\/v2\/users\/2"}],"replies":[{"embeddable":true,"href":"https:\/\/www.europesays.com\/se\/wp-json\/wp\/v2\/comments?post=94775"}],"version-history":[{"count":0,"href":"https:\/\/www.europesays.com\/se\/wp-json\/wp\/v2\/posts\/94775\/revisions"}],"wp:featuredmedia":[{"embeddable":true,"href":"https:\/\/www.europesays.com\/se\/wp-json\/wp\/v2\/media\/94776"}],"wp:attachment":[{"href":"https:\/\/www.europesays.com\/se\/wp-json\/wp\/v2\/media?parent=94775"}],"wp:term":[{"taxonomy":"category","embeddable":true,"href":"https:\/\/www.europesays.com\/se\/wp-json\/wp\/v2\/categories?post=94775"},{"taxonomy":"post_tag","embeddable":true,"href":"https:\/\/www.europesays.com\/se\/wp-json\/wp\/v2\/tags?post=94775"}],"curies":[{"name":"wp","href":"https:\/\/api.w.org\/{rel}","templated":true}]}}