{"id":94787,"date":"2025-12-01T19:49:37","date_gmt":"2025-12-01T19:49:37","guid":{"rendered":"https:\/\/www.europesays.com\/se\/94787\/"},"modified":"2025-12-01T19:49:37","modified_gmt":"2025-12-01T19:49:37","slug":"halka-i-skelleftea-pressar-akuten-rott-lage","status":"publish","type":"post","link":"https:\/\/www.europesays.com\/se\/94787\/","title":{"rendered":"Halka i Skellefte\u00e5 pressar akuten: \u201dR\u00f6tt l\u00e4ge\u201d"},"content":{"rendered":"<p>V\u00e4ldigt m\u00e5nga har halkat och skadat sig i och runt Skellefte\u00e5 under m\u00e5ndagen, rapporterar Norran. <\/p>\n<p>\u2013 Vid 10-tiden hade vi f\u00e5tt in 20 patienter p\u00e5 akuten, och det \u00e4r mycket fler \u00e4n en normal morgon, s\u00e4ger akutens verksamhetschef Ferenc Sari till tidningen. <\/p>\n<p>Vid 17-tiden hade siffran stigit till 36. Det r\u00f6r sig om flera m\u00e4nniskor som brutit handleder, fotleder och underarmar i olyckorna. <\/p>\n<p>Under eftermiddagen gick sjukhuset upp i \u201dr\u00f6tt l\u00e4ge\u201d p\u00e5 grund av belastningen. <\/p>\n<p>Omni \u00e4r politiskt obundna och oberoende. Vi str\u00e4var efter att ge fler perspektiv p\u00e5 nyheterna. Har du fr\u00e5gor eller synpunkter kring v\u00e5r rapportering? <a href=\"https:\/\/omni.se\/halka-i-skelleftea-pressar-akuten-rott-lage\/a\/mailto:redaktion@omni.se\" class=\"ArticleActions_contactLink__W2F1M\" rel=\"nofollow noopener\" target=\"_blank\">Kontakta redaktionen<\/a><\/p>\n","protected":false},"excerpt":{"rendered":"V\u00e4ldigt m\u00e5nga har halkat och skadat sig i och runt Skellefte\u00e5 under m\u00e5ndagen, rapporterar Norran. \u2013 Vid 10-tiden&hellip;\n","protected":false},"author":2,"featured_media":94788,"comment_status":"","ping_status":"","sticky":false,"template":"","format":"standard","meta":{"footnotes":""},"categories":[5],"tags":[22,23,26,27,17,21,24,25,28,29,15,16,18,34,292,31,33,32,30,19,20,693,840],"class_list":{"0":"post-94787","1":"post","2":"type-post","3":"status-publish","4":"format-standard","5":"has-post-thumbnail","7":"category-rubriker","8":"tag-breaking-news","9":"tag-breakingnews","10":"tag-featured-news","11":"tag-featurednews","12":"tag-headlines","13":"tag-huvudnyheter","14":"tag-latest-news","15":"tag-latestnews","16":"tag-main-news","17":"tag-mainnews","18":"tag-news","19":"tag-nyheter","20":"tag-rubriker","21":"tag-se","22":"tag-skelleftea","23":"tag-svenska","24":"tag-sverige","25":"tag-sweden","26":"tag-swedish","27":"tag-top-stories","28":"tag-topstories","29":"tag-vader","30":"tag-vasterbottens-lan"},"share_on_mastodon":{"url":"https:\/\/pubeurope.com\/@se\/115646048717259259","error":""},"_links":{"self":[{"href":"https:\/\/www.europesays.com\/se\/wp-json\/wp\/v2\/posts\/94787","targetHints":{"allow":["GET"]}}],"collection":[{"href":"https:\/\/www.europesays.com\/se\/wp-json\/wp\/v2\/posts"}],"about":[{"href":"https:\/\/www.europesays.com\/se\/wp-json\/wp\/v2\/types\/post"}],"author":[{"embeddable":true,"href":"https:\/\/www.europesays.com\/se\/wp-json\/wp\/v2\/users\/2"}],"replies":[{"embeddable":true,"href":"https:\/\/www.europesays.com\/se\/wp-json\/wp\/v2\/comments?post=94787"}],"version-history":[{"count":0,"href":"https:\/\/www.europesays.com\/se\/wp-json\/wp\/v2\/posts\/94787\/revisions"}],"wp:featuredmedia":[{"embeddable":true,"href":"https:\/\/www.europesays.com\/se\/wp-json\/wp\/v2\/media\/94788"}],"wp:attachment":[{"href":"https:\/\/www.europesays.com\/se\/wp-json\/wp\/v2\/media?parent=94787"}],"wp:term":[{"taxonomy":"category","embeddable":true,"href":"https:\/\/www.europesays.com\/se\/wp-json\/wp\/v2\/categories?post=94787"},{"taxonomy":"post_tag","embeddable":true,"href":"https:\/\/www.europesays.com\/se\/wp-json\/wp\/v2\/tags?post=94787"}],"curies":[{"name":"wp","href":"https:\/\/api.w.org\/{rel}","templated":true}]}}