{"id":94867,"date":"2025-12-01T21:38:19","date_gmt":"2025-12-01T21:38:19","guid":{"rendered":"https:\/\/www.europesays.com\/se\/94867\/"},"modified":"2025-12-01T21:38:19","modified_gmt":"2025-12-01T21:38:19","slug":"klart-fc-rosengard-bildar-bolag-skanska-dagbladet","status":"publish","type":"post","link":"https:\/\/www.europesays.com\/se\/94867\/","title":{"rendered":"Klart: FC Roseng\u00e5rd bildar bolag &#8211; Sk\u00e5nska Dagbladet"},"content":{"rendered":"<ol>\n<li><a href=\"https:\/\/news.google.com\/rss\/articles\/CBMib0FVX3lxTFBLWmVfS0VlVml5VFFZN05kdDcxSHF4dWphOU9CLVB3MTE5UXgzUkQyckZkYmViMlZURFB0NjR6bnc5NmwtUF85TldRbUhENlI5MmJQT2dRUU1tSENMN1NLdFFDTlpnTkh2ZW5xa0dYUQ?oc=5\" target=\"_blank\" rel=\"nofollow noopener\">Klart: FC Roseng\u00e5rd bildar bolag<\/a>&nbsp;&nbsp;Sk\u00e5nska Dagbladet<\/li>\n<li><a href=\"https:\/\/news.google.com\/rss\/articles\/CBMisgFBVV95cUxOanVkVjg4VUU1UC1CVTJ0QkpjR095dTllLS1fTWxfdjdaRnBQczBlYWNYY3RtNENNRXJoekdOQ2N1UWdjZkZNWmw1NzdCeHI1ZVplOVlvSU9WSVB3UTkwVXBpakxwV0p6OWhzWDFaeXZINmQ0Z0QtTXNLNVJDa25iTjBiQmVJWVdsV0ozVjZjTHZQbWJLZ1RPeHhOMTBaSTVLcmt4RUQtSlA0amVGTEFrSHJB?oc=5\" target=\"_blank\" rel=\"nofollow noopener\">FC Roseng\u00e5rd blir aktiebolag<\/a>&nbsp;&nbsp;Aftonbladet<\/li>\n<li><a href=\"https:\/\/news.google.com\/rss\/articles\/CBMiiwFBVV95cUxOaU5WVW1yRlBSdkhyaGpHOEk3NVo2Z1U0cE5iYVVFRkdUbHllZXI4ZTJteGR3VXU4UUdLY1YyNXJ2dXBQRHZ1RTh6emh6b3JUV2tqekNHX3RVSGNOaG5qY1AwV2ZJY0dZWkt1OUNOcG5tZGRrM3BWc1hLUENJR2dEZ0J2NDc0N0tSbEdr?oc=5\" target=\"_blank\" rel=\"nofollow noopener\">Fotboll: Klart: Brittiskt bolag blir del\u00e4gare i FC Roseng\u00e5rd: \u201dSka ut i Europa\u201d<\/a>&nbsp;&nbsp;SVT Nyheter<\/li>\n<li><a href=\"https:\/\/news.google.com\/rss\/articles\/CBMilgFBVV95cUxPSmxTU3pWaWpiQlc2RXF5am5aQmdoWF9wSHNzUEtXc3pDejV6UTNuNE52NkJSOWpJVzRqRV9BSmVkZm50d2hWRnhWV2VMa0VYMlBfdXVfYlp4b1k2cGxrcUxTTDVEN3J3NkN5T3RMZFRRT0Eyb0Vid2MxdlZDYXRJbFR1NjdCY29PVGoyVVpXeUFHVndxQ3c?oc=5\" target=\"_blank\" rel=\"nofollow noopener\">Roseng\u00e5rd r\u00f6star ja till bolagisering<\/a>&nbsp;&nbsp;Fotbollskanalen<\/li>\n<li><a href=\"https:\/\/news.google.com\/rss\/articles\/CBMivwFBVV95cUxQbV9rS1VfQk5EdVFqcFNuZGt5SGJtek84a2dZVWNCUFQwZU1MZzZENk1fb0p6LXNrQnRNUzMzVGNlOHRBQ2szblEzRjBTaWxGNUdYTl9EUWVzbjlhMUFSSVJBZXVTdVd6c0NFQTZzM2NDLUUxX2tncG9XcjNnZEJoTTBiQ3RyeWRVd25ZaDBONUE2VHJOcWVYcjlpN1ZvaXZHcWxJOGVaR3hIRGZva0h5cEFVWHBSMkpMYnJOWG1hSQ?oc=5\" target=\"_blank\" rel=\"nofollow noopener\">Niondeklassare lockas av m\u00e5ngmiljonkontrakt<\/a>&nbsp;&nbsp;Expressen<\/li>\n<\/ol>\n","protected":false},"excerpt":{"rendered":"Klart: FC Roseng\u00e5rd bildar bolag&nbsp;&nbsp;Sk\u00e5nska Dagbladet FC Roseng\u00e5rd blir aktiebolag&nbsp;&nbsp;Aftonbladet Fotboll: Klart: Brittiskt bolag blir del\u00e4gare i FC&hellip;\n","protected":false},"author":2,"featured_media":94868,"comment_status":"","ping_status":"","sticky":false,"template":"","format":"standard","meta":{"footnotes":""},"categories":[5],"tags":[22,23,26,27,17,21,24,25,28,29,15,16,18,34,31,33,32,30,19,20],"class_list":{"0":"post-94867","1":"post","2":"type-post","3":"status-publish","4":"format-standard","5":"has-post-thumbnail","7":"category-rubriker","8":"tag-breaking-news","9":"tag-breakingnews","10":"tag-featured-news","11":"tag-featurednews","12":"tag-headlines","13":"tag-huvudnyheter","14":"tag-latest-news","15":"tag-latestnews","16":"tag-main-news","17":"tag-mainnews","18":"tag-news","19":"tag-nyheter","20":"tag-rubriker","21":"tag-se","22":"tag-svenska","23":"tag-sverige","24":"tag-sweden","25":"tag-swedish","26":"tag-top-stories","27":"tag-topstories"},"share_on_mastodon":{"url":"https:\/\/pubeurope.com\/@se\/115646477273543994","error":""},"_links":{"self":[{"href":"https:\/\/www.europesays.com\/se\/wp-json\/wp\/v2\/posts\/94867","targetHints":{"allow":["GET"]}}],"collection":[{"href":"https:\/\/www.europesays.com\/se\/wp-json\/wp\/v2\/posts"}],"about":[{"href":"https:\/\/www.europesays.com\/se\/wp-json\/wp\/v2\/types\/post"}],"author":[{"embeddable":true,"href":"https:\/\/www.europesays.com\/se\/wp-json\/wp\/v2\/users\/2"}],"replies":[{"embeddable":true,"href":"https:\/\/www.europesays.com\/se\/wp-json\/wp\/v2\/comments?post=94867"}],"version-history":[{"count":0,"href":"https:\/\/www.europesays.com\/se\/wp-json\/wp\/v2\/posts\/94867\/revisions"}],"wp:featuredmedia":[{"embeddable":true,"href":"https:\/\/www.europesays.com\/se\/wp-json\/wp\/v2\/media\/94868"}],"wp:attachment":[{"href":"https:\/\/www.europesays.com\/se\/wp-json\/wp\/v2\/media?parent=94867"}],"wp:term":[{"taxonomy":"category","embeddable":true,"href":"https:\/\/www.europesays.com\/se\/wp-json\/wp\/v2\/categories?post=94867"},{"taxonomy":"post_tag","embeddable":true,"href":"https:\/\/www.europesays.com\/se\/wp-json\/wp\/v2\/tags?post=94867"}],"curies":[{"name":"wp","href":"https:\/\/api.w.org\/{rel}","templated":true}]}}