{"id":94877,"date":"2025-12-01T21:55:19","date_gmt":"2025-12-01T21:55:19","guid":{"rendered":"https:\/\/www.europesays.com\/se\/94877\/"},"modified":"2025-12-01T21:55:19","modified_gmt":"2025-12-01T21:55:19","slug":"nu-rivs-sekretessen-mellan-alla-myndigheter-i-sverige","status":"publish","type":"post","link":"https:\/\/www.europesays.com\/se\/94877\/","title":{"rendered":"Nu rivs sekretessen mellan alla myndigheter i Sverige"},"content":{"rendered":"<p>&#13;<br \/>\nFr\u00e5n och med i dag, den 1 december, rivs sekretessen mellan alla myndigheter. Det handlar om en ny sekretessbrytande best\u00e4mmelse som f\u00f6renklar m\u00f6jligheten f\u00f6r myndigheter att dela information med varandra. Den nya best\u00e4mmelsen syftar till att motverka olika former av fusk, \u00f6vertr\u00e4delser och brottslig verksamhet.<\/p>\n<p>Uppgifter som finns hos en myndighet kan vara avg\u00f6rande f\u00f6r att en annan myndighet ska kunna fullg\u00f6ra sitt uppdrag. S\u00e5dana uppgifter m\u00e5ste kunna delas mellan myndigheter p\u00e5 ett effektivt och \u00e4ndam\u00e5lsenligt s\u00e4tt.<\/p>\n<p>\u2013\u00a0 Att riva sekretesshinder har efterfr\u00e5gats i 50 \u00e5r. Nu h\u00e4nder det. Fr\u00e5n och med idag river vi sekretessen mellan alla myndigheter. Det \u00e4r ett stort systemskifte. Men det r\u00e4cker inte med ny lagstiftning, nu m\u00e5ste myndigheter och andra akt\u00f6rer i v\u00e5rt samh\u00e4lle ta bollen och b\u00f6rja dela information. Det kommer bli helt avg\u00f6rande om vi ska kunna bryta rekryteringen av barn in i g\u00e4ngen och strypa den kriminella ekonomin, s\u00e4ger justitieminister Gunnar Str\u00f6mmer.<\/p>\n<p>\u2013 Vi kan aldrig acceptera att kriminella h\u00e4nsynsl\u00f6st utnyttjar v\u00e5r v\u00e4lf\u00e4rd f\u00f6r att kunna \u00e4gna sig \u00e5t allvarlig brottslighet. F\u00f6r att kunna strypa den kriminella ekonomin och kn\u00e4cka g\u00e4ngen \u00e4r det avg\u00f6rande att vi stoppar bidragsbrotten och de felaktiga utbetalningarna fr\u00e5n v\u00e5ra v\u00e4lf\u00e4rdssystem. Nu ger vi myndigheterna kraftfulla och efterfr\u00e5gade verktyg att bek\u00e4mpa dessa brott, s\u00e4ger \u00e4ldre- och socialf\u00f6rs\u00e4kringsminister Anna Tenje.<\/p>\n<p>\u2013 Att riva sekretessen mellan polis, skola och socialtj\u00e4nst inneb\u00e4r att de f\u00f6r f\u00f6rsta g\u00e5ngen kan sitta vid samma bord och tala \u00f6ppet om samma barn. Det \u00e4r helt avg\u00f6rande f\u00f6r att uppt\u00e4cka risker i tid och s\u00e4tta in r\u00e4tt insatser innan ett barn dras in i kriminalitet, s\u00e4ger socialtj\u00e4nstminister Camilla Waltersson Gr\u00f6nvall.<\/p>\n<p>Den nya sekretessbrytande best\u00e4mmelsen omfattar alla myndigheter, inklusive kommuner, regioner och privata akt\u00f6rer som omfattas av offentlighets- och sekretesslagen. Till skillnad fr\u00e5n tidigare reformer \u00e4r informationsdelningen inte enkelriktad, utan uppgifter f\u00e5r l\u00e4mnas \u00e4ven fr\u00e5n brottsbek\u00e4mpningen till andra myndigheter och direkt mellan myndigheter som inte har ett brottsbek\u00e4mpande uppdrag.<\/p>\n<p>Det inneb\u00e4r allts\u00e5 att samtliga myndigheter, kommuner och regioner f\u00e5r dela information f\u00f6r att f\u00f6rebygga, f\u00f6rhindra, uppt\u00e4cka eller utreda brott, felaktiga utbetalningar, fusk och andra typer av regel\u00f6vertr\u00e4delser.<\/p>\n<p>Innan en uppgift l\u00e4mnas ut ska det g\u00f6ras en intresseavv\u00e4gning och viss sekretess undantas fr\u00e5n best\u00e4mmelsens till\u00e4mpningsomr\u00e5de.<\/p>\n","protected":false},"excerpt":{"rendered":"&#13; Fr\u00e5n och med i dag, den 1 december, rivs sekretessen mellan alla myndigheter. Det handlar om en&hellip;\n","protected":false},"author":2,"featured_media":67452,"comment_status":"","ping_status":"","sticky":false,"template":"","format":"standard","meta":{"footnotes":""},"categories":[5],"tags":[22,23,26,27,17,21,24,25,28,29,15,16,18,34,31,33,32,30,19,20],"class_list":{"0":"post-94877","1":"post","2":"type-post","3":"status-publish","4":"format-standard","5":"has-post-thumbnail","7":"category-rubriker","8":"tag-breaking-news","9":"tag-breakingnews","10":"tag-featured-news","11":"tag-featurednews","12":"tag-headlines","13":"tag-huvudnyheter","14":"tag-latest-news","15":"tag-latestnews","16":"tag-main-news","17":"tag-mainnews","18":"tag-news","19":"tag-nyheter","20":"tag-rubriker","21":"tag-se","22":"tag-svenska","23":"tag-sverige","24":"tag-sweden","25":"tag-swedish","26":"tag-top-stories","27":"tag-topstories"},"share_on_mastodon":{"url":"https:\/\/pubeurope.com\/@se\/115646544128959175","error":""},"_links":{"self":[{"href":"https:\/\/www.europesays.com\/se\/wp-json\/wp\/v2\/posts\/94877","targetHints":{"allow":["GET"]}}],"collection":[{"href":"https:\/\/www.europesays.com\/se\/wp-json\/wp\/v2\/posts"}],"about":[{"href":"https:\/\/www.europesays.com\/se\/wp-json\/wp\/v2\/types\/post"}],"author":[{"embeddable":true,"href":"https:\/\/www.europesays.com\/se\/wp-json\/wp\/v2\/users\/2"}],"replies":[{"embeddable":true,"href":"https:\/\/www.europesays.com\/se\/wp-json\/wp\/v2\/comments?post=94877"}],"version-history":[{"count":0,"href":"https:\/\/www.europesays.com\/se\/wp-json\/wp\/v2\/posts\/94877\/revisions"}],"wp:featuredmedia":[{"embeddable":true,"href":"https:\/\/www.europesays.com\/se\/wp-json\/wp\/v2\/media\/67452"}],"wp:attachment":[{"href":"https:\/\/www.europesays.com\/se\/wp-json\/wp\/v2\/media?parent=94877"}],"wp:term":[{"taxonomy":"category","embeddable":true,"href":"https:\/\/www.europesays.com\/se\/wp-json\/wp\/v2\/categories?post=94877"},{"taxonomy":"post_tag","embeddable":true,"href":"https:\/\/www.europesays.com\/se\/wp-json\/wp\/v2\/tags?post=94877"}],"curies":[{"name":"wp","href":"https:\/\/api.w.org\/{rel}","templated":true}]}}