{"id":94882,"date":"2025-12-01T22:21:07","date_gmt":"2025-12-01T22:21:07","guid":{"rendered":"https:\/\/www.europesays.com\/se\/94882\/"},"modified":"2025-12-01T22:21:07","modified_gmt":"2025-12-01T22:21:07","slug":"stor-guide-for-handbolls-vm-2025-truppen-tider-program","status":"publish","type":"post","link":"https:\/\/www.europesays.com\/se\/94882\/","title":{"rendered":"Stor guide f\u00f6r handbolls-VM 2025 \u2022 Truppen \u2022 Tider \u2022 Program"},"content":{"rendered":"<p>Publicerad 1 dec 2025 kl 22.11Uppdaterad kl 22.46<\/p>\n<p>Nu b\u00f6rjar handbolls-VM i Tyskland och Nederl\u00e4nderna p\u00e5 allvar.<\/p>\n<p>Sverige \u00e4r vidare till huvudrundan.<\/p>\n<p>H\u00e4r \u00e4r allt du beh\u00f6ver veta om slutspelet, tv-tider och den svenska truppen.<\/p>\n<p><img   alt=\"\"\/> <\/p>\n<p>Foto: EMMA WALLSKOG \/ BILDBYR\u00c5N<\/p>\n<p>\u00d6ppna bild i helsk\u00e4rm<img loading=\"lazy\"   alt=\"\"\/> <\/p>\n<p>Foto: EMMA WALLSKOG \/ BILDBYR\u00c5N<\/p>\n<p>\u00d6ppna bild i helsk\u00e4rm<\/p>\n<p>Handbolls-VM 2025 spelas i Tyskland och Nederl\u00e4nderna. M\u00e4sterskapet p\u00e5g\u00e5r mellan 26 november och 14 december. Frankrike \u00e4r regerande v\u00e4rldsm\u00e4stare.<\/p>\n<p>Vilka s\u00e4nder handbolls-VM?<\/p>\n<p>Viaplay har r\u00e4ttigheterna till m\u00e4sterskapet. Samtliga matcher s\u00e4nds p\u00e5 Viaplay och\/eller den nya tv-kanalen Viaplay Sport. Ett urval matcher s\u00e4nds \u00e4ven p\u00e5 TV10.<\/p>\n<p>Den svenska VM-truppen<\/p>\n<p><strong>M\u00e5lvakter: <\/strong>Johanna Bundsen (Metz HB), Filippa Id\u00e9hn (Ikast H\u00e5ndbold)<\/p>\n<p><strong>V\u00e4nstersex: <\/strong>Clara Lerby (Nyk\u00f8bing Falster HK), Elin Hansson (Team Esbjerg)<\/p>\n<p><strong>Mittsex: <\/strong>Linn Blohm (Gy\u00f6ri Audi ETO KC), Anna Lagerquist (Gy\u00f6ri Audi ETO KC), Vilma Matthijs Holmberg (Chambray Touraine HB), Olivia L\u00f6fqvist (Team Esbjerg)<\/p>\n<p><strong>H\u00f6gersex: <\/strong>Mathilda Lundstr\u00f6m (Horsens HK), Nathalie Hagman (Gy\u00f6ri Audi ETO KC)<\/p>\n<p><strong>V\u00e4nsternio: <\/strong>Jamina Roberts (Ikast H\u00e5ndbold), Tyra Axn\u00e9r (Metz HB), Kristin Thorleifsd\u00f3ttir, (DVSC Schaeffler)<\/p>\n<p><strong>Mittnio: <\/strong>Emma Lindqvist (Ikast H\u00e5ndbold), Jenny Carlson (Molde Elite)<\/p>\n<p><strong>H\u00f6gernio: <\/strong>Nina Koppang (Team Esbjerg), Thea Kylberg (Ikast H\u00e5ndbold)<\/p>\n<p>S\u00e5 gick det f\u00f6r Sverige i gruppspelet<\/p>\n<p>Sverige spelade i grupp G mot Tjeckien, Kuba och Brasilien. Sverige vann de tv\u00e5 inledande matcherna mot Tjeckien (31\u201323) och Kuba (46\u201317). I den avslutande matchen f\u00f6rlorade Sverige mot Brasilien med 31\u201327.<\/p>\n<p>D\u00e4rmed g\u00e5r Sverige vidare som ett av de tre b\u00e4sta lagen i gruppen. Man f\u00e5r dock bara med sig tv\u00e5 po\u00e4ng i inb\u00f6rdes m\u00f6ten till huvudrundan i Tyskland.<\/p>\n<p>Det v\u00e4ntar Sverige nu<\/p>\n<p>Nu stundar huvudrundan f\u00f6r Sverige. Sverige kommer att spela mot de tre b\u00e4sta lagen fr\u00e5n grupp H, vilket \u00e4r Norge, Angola och Sydkorea. De tv\u00e5 b\u00e4sta lagen fr\u00e5n huvudrundan g\u00e5r till kvartsfinal.<\/p>\n<p>D\u00e5 spelas Sveriges matcher<\/p>\n<p>3 december: Norge\u2013Sverige (Viaplay Sport och Viaplay)<\/p>\n<p>5 december: Sverige\u2013Sydkorea (Viaplay Sport och Viaplay)<\/p>\n<p>Annons<\/p>\n<p>7 december: Sverige\u2013Angola (Viaplay Sport och Viaplay)<\/p>\n<p>S\u00e5 spelas VM-slutspelet<\/p>\n<p><strong>Dortmund<\/strong>\t<\/p>\n<p>10 december: Kvartsfinaler<\/p>\n<p>Ettan i grupp 2\u2013Tv\u00e5an i grupp 4\t<\/p>\n<p>Ettan i grupp 4\u2013Tv\u00e5an i grupp 2\t<\/p>\n<p><strong>Rotterdam<\/strong><\/p>\n<p>10 december: Kvartsfinaler\t<\/p>\n<p>Ettan i grupp 1\u2013Tv\u00e5an i grupp 3\t<\/p>\n<p>Ettan i grupp 3\u2013Tv\u00e5an i grupp 1\t<\/p>\n<p>12 december: Semifinaler<\/p>\n<p>Vinnare kvart 1\u2013Vinnare kvart 3\t<\/p>\n<p>Vinnare kvart 2\u2013Vinnare kvart 4\t<\/p>\n<p>14 december: Bronsmatch<\/p>\n<p>F\u00f6rlorare semi 1\u2013F\u00f6rlorare semi 2<\/p>\n<p>14 december: Final.<\/p>\n<p>Vinnare semi 1\u2013Vinnare semi 2<\/p>\n","protected":false},"excerpt":{"rendered":"Publicerad 1 dec 2025 kl 22.11Uppdaterad kl 22.46 Nu b\u00f6rjar handbolls-VM i Tyskland och Nederl\u00e4nderna p\u00e5 allvar. Sverige&hellip;\n","protected":false},"author":2,"featured_media":94883,"comment_status":"","ping_status":"","sticky":false,"template":"","format":"standard","meta":{"footnotes":""},"categories":[68],"tags":[3521,34,3520,111,110,31,33,32,30],"class_list":{"0":"post-94882","1":"post","2":"type-post","3":"status-publish","4":"format-standard","5":"has-post-thumbnail","7":"category-sport","8":"tag-organization-sveriges-damlandslag-i-handboll","9":"tag-se","10":"tag-sections-handboll","11":"tag-sport","12":"tag-sports","13":"tag-svenska","14":"tag-sverige","15":"tag-sweden","16":"tag-swedish"},"share_on_mastodon":{"url":"https:\/\/pubeurope.com\/@se\/115646646437724124","error":""},"_links":{"self":[{"href":"https:\/\/www.europesays.com\/se\/wp-json\/wp\/v2\/posts\/94882","targetHints":{"allow":["GET"]}}],"collection":[{"href":"https:\/\/www.europesays.com\/se\/wp-json\/wp\/v2\/posts"}],"about":[{"href":"https:\/\/www.europesays.com\/se\/wp-json\/wp\/v2\/types\/post"}],"author":[{"embeddable":true,"href":"https:\/\/www.europesays.com\/se\/wp-json\/wp\/v2\/users\/2"}],"replies":[{"embeddable":true,"href":"https:\/\/www.europesays.com\/se\/wp-json\/wp\/v2\/comments?post=94882"}],"version-history":[{"count":0,"href":"https:\/\/www.europesays.com\/se\/wp-json\/wp\/v2\/posts\/94882\/revisions"}],"wp:featuredmedia":[{"embeddable":true,"href":"https:\/\/www.europesays.com\/se\/wp-json\/wp\/v2\/media\/94883"}],"wp:attachment":[{"href":"https:\/\/www.europesays.com\/se\/wp-json\/wp\/v2\/media?parent=94882"}],"wp:term":[{"taxonomy":"category","embeddable":true,"href":"https:\/\/www.europesays.com\/se\/wp-json\/wp\/v2\/categories?post=94882"},{"taxonomy":"post_tag","embeddable":true,"href":"https:\/\/www.europesays.com\/se\/wp-json\/wp\/v2\/tags?post=94882"}],"curies":[{"name":"wp","href":"https:\/\/api.w.org\/{rel}","templated":true}]}}