{"id":94910,"date":"2025-12-01T23:23:11","date_gmt":"2025-12-01T23:23:11","guid":{"rendered":"https:\/\/www.europesays.com\/se\/94910\/"},"modified":"2025-12-01T23:23:11","modified_gmt":"2025-12-01T23:23:11","slug":"anna-lagerquist-utgick-skadad-direkt-i-handbolls-vm-handboll","status":"publish","type":"post","link":"https:\/\/www.europesays.com\/se\/94910\/","title":{"rendered":"Anna Lagerquist utgick skadad direkt i handbolls-VM | Handboll"},"content":{"rendered":"<p>Publicerad 1 dec 2025 kl 21.04Uppdaterad kl 22.36<\/p>\n<p>Under m\u00e5ndagen skrevs Anna Lagerquist in i den svenska VM-truppen.<\/p>\n<p>Men redan efter 22 minuter mot Brasilien utgick hon skadad.<\/p>\n<p>\u2013 Hon har ont, s\u00e4ger fysioterapeuten Daniel Johannesson i Viaplay efter\u00e5t.<\/p>\n<p><img   alt=\"\"\/> <\/p>\n<p>Foto: Viaplay<\/p>\n<p>\u00d6ppna bild i helsk\u00e4rm<img loading=\"lazy\"   alt=\"\"\/> <\/p>\n<p>Foto: Viaplay<\/p>\n<p>\u00d6ppna bild i helsk\u00e4rm<img loading=\"lazy\"   alt=\"\"\/> <\/p>\n<p>Foto: Viaplay<\/p>\n<p>\u00d6ppna bild i helsk\u00e4rm<img loading=\"lazy\"   alt=\"\"\/> <\/p>\n<p>Foto: Viaplay<\/p>\n<p>\u00d6ppna bild i helsk\u00e4rm<\/p>\n<p>Hon har dragits med en fotskada inf\u00f6r turneringen och har g\u00e5tt en kamp mot klockan f\u00f6r att bli spelklar.<\/p>\n<p>V\u00e4l efter att ha missat Sveriges inledande VM-matcher registrerades dock Anna Lagerquist f\u00f6r spel i m\u00e5ndagskv\u00e4llens m\u00f6te med Brasilien.<\/p>\n<p>Kv\u00e4llen blev dock kort f\u00f6r 32-\u00e5ringen. Detta d\u00e5 hon satte sig ned i sm\u00e4rtor efter en duell efter 22 minuter.<\/p>\n<p>\u2013 Oj, var tar hon sig? Aj. \u00c4r det h\u00f6gerkn\u00e4t? Hon steg upp lite f\u00f6rsiktigt p\u00e5 h\u00f6gerbenet. Hon f\u00e5r en tuff vinkel f\u00f6r kn\u00e4skador d\u00e4r\u2026 aj, aj, aj!, s\u00e4ger experten Claes Hellgren i Viaplay och forts\u00e4tter:<\/p>\n<p>\u2013 Den d\u00e4r vinkeln med b\u00f6jt kn\u00e4 och lite tryck d\u00e4r. Det \u00e4r inget man tycker om&#8230; det \u00e4r hemskt tr\u00e5kigt.<\/p>\n<p>\u201dVill jag inte ens t\u00e4nka p\u00e5&#8230;\u201d<\/p>\n<p>Hellgren var orolig.<\/p>\n<p>\u2013 Det blir en chock.<\/p>\n<p>Lagerquist, som missade den senaste EM-turneringen, fick hj\u00e4lp upp av lagl\u00e4kare och gick rakt ut i omkl\u00e4dningsrummet.\u00a0<\/p>\n<p>\u2013 Hon \u00e4r en spelare vi beh\u00f6ver i tuffa matcher. Hon \u00e4r n\u00e5got annat \u00e4n vi andra \u00e4r i f\u00f6rsvar. Utan henne tappar vi n\u00e5got vi har stor nytta av, s\u00e4ger Linn Blohm.<\/p>\n<p>F\u00f6rbundskaptenens ord<\/p>\n<p>F\u00f6rbundskaptenen Tomas Axn\u00e9r erk\u00e4nde att laget saknade kuggen, innan fysioterapeuten Daniel Johannesson svarade om l\u00e4get.<\/p>\n<p>\u2013 Vi vet inte vad som \u00e4r problemet. Hon gjorde ett fr\u00e5ntryck och fick ont, det kn\u00e4ppte till. Vi f\u00e5r unders\u00f6ka mer p\u00e5 hotellet och i morgon. Det \u00e4r foten och det \u00e4r inte heller hennes gamla skada, utan n\u00e5got med h\u00e4len. Hon har ont men \u00e4r sm\u00e4rtt\u00e5lig. Det \u00e4r sv\u00e5rt att veta med handbollsspelare, s\u00e4ger han.<\/p>\n<p>Matchen slutade med svensk f\u00f6rlust, 27\u201331.<\/p>\n<p>Innan matchen tvingades Elin Hansson kasta in handduken med kort varsel till f\u00f6ljd av sjukdom.<\/p>\n<p><strong>L\u00c4S MER: <\/strong><a href=\"https:\/\/www.expressen.se\/sport\/handboll\/svensk-forlust-i-gruppfinalen-i-handbolls-vm\/\" class=\"\" rel=\"nofollow noopener\" target=\"_blank\">Svensk f\u00f6rlust i gruppfinalen i handbolls-VM<\/a><\/p>\n","protected":false},"excerpt":{"rendered":"Publicerad 1 dec 2025 kl 21.04Uppdaterad kl 22.36 Under m\u00e5ndagen skrevs Anna Lagerquist in i den svenska VM-truppen.&hellip;\n","protected":false},"author":2,"featured_media":94911,"comment_status":"","ping_status":"","sticky":false,"template":"","format":"standard","meta":{"footnotes":""},"categories":[5],"tags":[22,23,26,27,17,21,24,25,28,29,15,16,11244,18,34,3520,31,33,32,30,19,20],"class_list":{"0":"post-94910","1":"post","2":"type-post","3":"status-publish","4":"format-standard","5":"has-post-thumbnail","7":"category-rubriker","8":"tag-breaking-news","9":"tag-breakingnews","10":"tag-featured-news","11":"tag-featurednews","12":"tag-headlines","13":"tag-huvudnyheter","14":"tag-latest-news","15":"tag-latestnews","16":"tag-main-news","17":"tag-mainnews","18":"tag-news","19":"tag-nyheter","20":"tag-organization-handbolls-vm","21":"tag-rubriker","22":"tag-se","23":"tag-sections-handboll","24":"tag-svenska","25":"tag-sverige","26":"tag-sweden","27":"tag-swedish","28":"tag-top-stories","29":"tag-topstories"},"share_on_mastodon":{"url":"https:\/\/pubeurope.com\/@se\/115646890212571363","error":""},"_links":{"self":[{"href":"https:\/\/www.europesays.com\/se\/wp-json\/wp\/v2\/posts\/94910","targetHints":{"allow":["GET"]}}],"collection":[{"href":"https:\/\/www.europesays.com\/se\/wp-json\/wp\/v2\/posts"}],"about":[{"href":"https:\/\/www.europesays.com\/se\/wp-json\/wp\/v2\/types\/post"}],"author":[{"embeddable":true,"href":"https:\/\/www.europesays.com\/se\/wp-json\/wp\/v2\/users\/2"}],"replies":[{"embeddable":true,"href":"https:\/\/www.europesays.com\/se\/wp-json\/wp\/v2\/comments?post=94910"}],"version-history":[{"count":0,"href":"https:\/\/www.europesays.com\/se\/wp-json\/wp\/v2\/posts\/94910\/revisions"}],"wp:featuredmedia":[{"embeddable":true,"href":"https:\/\/www.europesays.com\/se\/wp-json\/wp\/v2\/media\/94911"}],"wp:attachment":[{"href":"https:\/\/www.europesays.com\/se\/wp-json\/wp\/v2\/media?parent=94910"}],"wp:term":[{"taxonomy":"category","embeddable":true,"href":"https:\/\/www.europesays.com\/se\/wp-json\/wp\/v2\/categories?post=94910"},{"taxonomy":"post_tag","embeddable":true,"href":"https:\/\/www.europesays.com\/se\/wp-json\/wp\/v2\/tags?post=94910"}],"curies":[{"name":"wp","href":"https:\/\/api.w.org\/{rel}","templated":true}]}}