{"id":94921,"date":"2025-12-02T00:11:18","date_gmt":"2025-12-02T00:11:18","guid":{"rendered":"https:\/\/www.europesays.com\/se\/94921\/"},"modified":"2025-12-02T00:11:18","modified_gmt":"2025-12-02T00:11:18","slug":"tokyo-inte-langre-storst-ovantad-etta-pa-fns-lista","status":"publish","type":"post","link":"https:\/\/www.europesays.com\/se\/94921\/","title":{"rendered":"Tokyo inte l\u00e4ngre st\u00f6rst \u2013 ov\u00e4ntad etta p\u00e5 FN:s lista"},"content":{"rendered":"<p>Publicerad 1 dec 2025 kl 14.36Uppdaterad kl 16.16<\/p>\n<p>Tokyo \u00e4r inte l\u00e4ngre v\u00e4rldens st\u00f6rsta stad.\u00a0<\/p>\n<p>Faktiskt inte ens n\u00e4st st\u00f6rst.<\/p>\n<p>En annan megastad i Asien har nu hoppat upp fr\u00e5n plats 33 till etta i FN:s nya m\u00e4tning.<\/p>\n<p><img   alt=\"\"\/> <\/p>\n<p>Foto: MAST IRHAM \/ EPA<\/p>\n<p>\u00d6ppna bild i helsk\u00e4rmArtikeln i korthet<\/p>\n<p> Jakarta nu v\u00e4rldens st\u00f6rsta stad enligt FN. Dhaka tar andraplatsen, Tokyo \u00e4r trea.<\/p>\n<p> Urbaniseringen \u00f6kar snabbt \u2013 45 % av v\u00e4rldens befolkning bor i st\u00e4der.<\/p>\n<p> Stadsplanerare varnar f\u00f6r utmaningar n\u00e4r st\u00e4der v\u00e4xer.<\/p>\n<p>Visa mer<\/p>\n<p>I m\u00e5nga \u00e5r har r\u00e4tt svar p\u00e5 skolprov och i s\u00e4llskapsspel varit detsamma \u2013\u00a0v\u00e4rldens st\u00f6rsta stad \u00e4r <a href=\"https:\/\/www.expressen.se\/tagg\/location\/tokyo\/\" class=\"\" rel=\"nofollow noopener\" target=\"_blank\">Tokyo<\/a>, Japans v\u00e4ldiga huvudstad som st\u00e5tar med 33 miljoner inv\u00e5nare. Eller tre g\u00e5nger s\u00e5 m\u00e5nga som bor i hela Sverige, om man nu ska j\u00e4mf\u00f6ra.<\/p>\n<p>Nu har d\u00e4remot FN i en ny, uppdaterad rapport redovisat siffror som petar ner Tokyo fr\u00e5n f\u00f6rstaplatsen.\u00a0<\/p>\n<p>Tidigare har man r\u00e4knat befolkningsm\u00e4ngden i storst\u00e4der utifr\u00e5n nationella rapporter som skiljt sig \u00e5t fr\u00e5n land till land men i den nya rapporteringen anv\u00e4nder man ett eget, konsekvent r\u00e4knes\u00e4tt \u00f6ver hela v\u00e4rlden. Och d\u00e5 f\u00e5r den nya ettan pl\u00f6tsligt 30 miljoner fler inv\u00e5nare \u00e4n 2018, som var senast FN sl\u00e4ppte sin sammanst\u00e4llning.\u00a0<\/p>\n<p>Den nya ettan \u00e4r \u2013\u00a0Jakarta!<\/p>\n<p>Som d\u00e4rmed hoppar hela v\u00e4gen upp fr\u00e5n plats 33 p\u00e5 listan fr\u00e5n 2018.<\/p>\n<p>42 miljoner inv\u00e5nare i huvudstaden<\/p>\n<p>Den indonesiska huvudstaden har numera uppskattningsvis 42 miljoner inv\u00e5nare, fem miljoner fler \u00e4n Dhaka \u2013\u00a0huvudstaden i Bangladesh \u2013\u00a0som kniper andraplatsen. St\u00f6rsta europeiska stad \u00e4r Istanbul (15 miljoner inv\u00e5nare), som tillsammans med Moskva (14,5 miljoner) och London (10,5 miljoner) \u00e4r de enda europeiska s\u00e5 kallade megast\u00e4derna. Det vill s\u00e4ga st\u00e4der med \u00f6ver tio miljoner inv\u00e5nare.<\/p>\n<p>Rapporten ber\u00e4ttar ocks\u00e5 att urbaniseringen g\u00e5r snabbt \u2013 45 procent av v\u00e4rldens drygt 8 miljarder m\u00e4nniskor bor i st\u00e4der, dubbelt s\u00e5 m\u00e5nga som 1950. Framf\u00f6rallt sker tillv\u00e4xten i vad som beskrivs som \u201dsm\u00e5\u201d eller \u201dmallanstora\u201d st\u00e4der i mellersta Afrika och centrala och s\u00f6dra Asien.<\/p>\n<p>\u2013 V\u00e5r st\u00f6rsta farh\u00e5ga \u00e4r st\u00e4derna som v\u00e4xer, s\u00e4ger FN:s Bjorg Sandkjaer enligt <a href=\"https:\/\/www.nytimes.com\/2025\/11\/26\/world\/asia\/worlds-largest-city-un-jakarta-indonesia.html\" rel=\"nofollow noopener\" target=\"_blank\">New York Times<\/a>.\u00a0<\/p>\n<p>\u2013 Det kan bli sv\u00e5rt f\u00f6r stadsplanerare att rymma alla inv\u00e5nare n\u00e4r staden v\u00e4xer, med infrastruktur, service, renh\u00e5llning och utbildning.<\/p>\n<p><img alt=\"\"\/>Ljudklippet gick inte att spela upp<\/p>\n<p>F\u00f6rs\u00f6k igen senare<\/p>\n","protected":false},"excerpt":{"rendered":"Publicerad 1 dec 2025 kl 14.36Uppdaterad kl 16.16 Tokyo \u00e4r inte l\u00e4ngre v\u00e4rldens st\u00f6rsta stad.\u00a0 Faktiskt inte ens&hellip;\n","protected":false},"author":2,"featured_media":94922,"comment_status":"","ping_status":"","sticky":false,"template":"","format":"standard","meta":{"footnotes":""},"categories":[5],"tags":[22,23,26,27,17,21,24,25,11246,5341,7534,11245,433,4565,963,28,29,15,16,18,34,55,31,33,32,30,19,20],"class_list":{"0":"post-94921","1":"post","2":"type-post","3":"status-publish","4":"format-standard","5":"has-post-thumbnail","7":"category-rubriker","8":"tag-breaking-news","9":"tag-breakingnews","10":"tag-featured-news","11":"tag-featurednews","12":"tag-headlines","13":"tag-huvudnyheter","14":"tag-latest-news","15":"tag-latestnews","16":"tag-location-bangladesh","17":"tag-location-indonesien","18":"tag-location-istanbul","19":"tag-location-jakarta","20":"tag-location-london","21":"tag-location-moskva","22":"tag-location-tokyo","23":"tag-main-news","24":"tag-mainnews","25":"tag-news","26":"tag-nyheter","27":"tag-rubriker","28":"tag-se","29":"tag-sections-varlden","30":"tag-svenska","31":"tag-sverige","32":"tag-sweden","33":"tag-swedish","34":"tag-top-stories","35":"tag-topstories"},"share_on_mastodon":{"url":"https:\/\/pubeurope.com\/@se\/115647078928945813","error":""},"_links":{"self":[{"href":"https:\/\/www.europesays.com\/se\/wp-json\/wp\/v2\/posts\/94921","targetHints":{"allow":["GET"]}}],"collection":[{"href":"https:\/\/www.europesays.com\/se\/wp-json\/wp\/v2\/posts"}],"about":[{"href":"https:\/\/www.europesays.com\/se\/wp-json\/wp\/v2\/types\/post"}],"author":[{"embeddable":true,"href":"https:\/\/www.europesays.com\/se\/wp-json\/wp\/v2\/users\/2"}],"replies":[{"embeddable":true,"href":"https:\/\/www.europesays.com\/se\/wp-json\/wp\/v2\/comments?post=94921"}],"version-history":[{"count":0,"href":"https:\/\/www.europesays.com\/se\/wp-json\/wp\/v2\/posts\/94921\/revisions"}],"wp:featuredmedia":[{"embeddable":true,"href":"https:\/\/www.europesays.com\/se\/wp-json\/wp\/v2\/media\/94922"}],"wp:attachment":[{"href":"https:\/\/www.europesays.com\/se\/wp-json\/wp\/v2\/media?parent=94921"}],"wp:term":[{"taxonomy":"category","embeddable":true,"href":"https:\/\/www.europesays.com\/se\/wp-json\/wp\/v2\/categories?post=94921"},{"taxonomy":"post_tag","embeddable":true,"href":"https:\/\/www.europesays.com\/se\/wp-json\/wp\/v2\/tags?post=94921"}],"curies":[{"name":"wp","href":"https:\/\/api.w.org\/{rel}","templated":true}]}}