{"id":94923,"date":"2025-12-02T00:26:25","date_gmt":"2025-12-02T00:26:25","guid":{"rendered":"https:\/\/www.europesays.com\/se\/94923\/"},"modified":"2025-12-02T00:26:25","modified_gmt":"2025-12-02T00:26:25","slug":"smhi-varnar-infor-i-morgon-risk-for-blixthalka-i-skelleftea-norran","status":"publish","type":"post","link":"https:\/\/www.europesays.com\/se\/94923\/","title":{"rendered":"SMHI varnar inf\u00f6r i morgon \u2013 risk f\u00f6r blixthalka i Skellefte\u00e5 &#8211; Norran"},"content":{"rendered":"<ol>\n<li><a href=\"https:\/\/news.google.com\/rss\/articles\/CBMiuAFBVV95cUxPN0M0Q1lKNTVWLU1pcGRjOUVaT0FJcWd3QVhXSElyWDg1R1VoVldsOEJodU9MNlJidE5SNkYwOWFGOTlqYm5PMXhvb09fdXFYUEQyT1hEMFltTDYtM0tyeHg5ZVBWbFJqblZlZHo1TWNVVzZmMFJGOHJoOGtPdGZSdm9hTk1PYmdWLUtWZ295RW1EXzlqemlrZUFVcEFJTC1TMTV1eXBEV1BIc1RSYzFWVDVIYnJfMVZX?oc=5\" target=\"_blank\" rel=\"nofollow noopener\">SMHI varnar inf\u00f6r i morgon \u2013 risk f\u00f6r blixthalka i Skellefte\u00e5<\/a>&nbsp;&nbsp;Norran<\/li>\n<li><a href=\"https:\/\/news.google.com\/rss\/articles\/CBMiigFBVV95cUxPX1FiN01nV1VNaXI1NUZaQ01KMTBnLVoyRE5uODFqS0x6MkR4Ykg0ZjJuUkg3NXc5djNfOHZnSmtQWXloLXdQcXE3ODlMU3VxN1dNVG5kNmlyZi1hTTQ2dkhxMVFrOGtJR29rTU5JV201X2ZPbkI0bTI0Ym9IMHM0Q3dST3FsWXhnVnc?oc=5\" target=\"_blank\" rel=\"nofollow noopener\">Gul varning f\u00f6r pl\u00f6tslig ishalka<\/a>&nbsp;&nbsp;Aftonbladet<\/li>\n<li><a href=\"https:\/\/news.google.com\/rss\/articles\/CBMipAFBVV95cUxPTXdEWEo3OGV0a09WZjhEVWVuenN3MHVJSGZCSDhQWVI0OE9fYzlzSk1pZ1BvNzl6czFXVHFVU0pKVTR4VHBaMUdRbFh2dzYwNExBTW4wMUhSWVdCSG4tMmk0TG1kMEg3UUFPbHppOWZoajNUWWc1ZHh3RW1tMzZnTFF3ZHlURkkyalZJM3pqUmhsREFyV0FsWTktZTZzalB2N2ZNaQ?oc=5\" target=\"_blank\" rel=\"nofollow noopener\">SMHI varnar f\u00f6r pl\u00f6tslig ishalka i norra Sverige<\/a>&nbsp;&nbsp;SVT Nyheter<\/li>\n<li><a href=\"https:\/\/news.google.com\/rss\/articles\/CBMidEFVX3lxTFAwbng3LXJ4c3JVUmVlQ2RUY2FCQ3k5bVNrdE5OcWRpU2cxSXpqUDFBMmRiT0VrTTBkT01KcmI5bXN1c1gtU1R6VkFCVkZWUWdCSTJPdVl6TW5acEtmenBla2FheWRGQVQxNWdTRU1RS0hYb2p1?oc=5\" target=\"_blank\" rel=\"nofollow noopener\">Varning: Risk f\u00f6r pl\u00f6tslig ishalka<\/a>&nbsp;&nbsp;\u00d6stersunds-Posten<\/li>\n<li><a href=\"https:\/\/news.google.com\/rss\/articles\/CBMikgFBVV95cUxNZ01GT09oSHRkNVNnQWY5Y2Z2Z0p0NE0yellueWxOUDM2QkdiVHNmQ1dNY1N5QlJ5ckxfNXVNRGRzYU5pM2ZnblhWTG03MFg0UHRadVJPd2JJUG9odUZrYWVyOFphZGsxSjN0LVAwWEpiMkpHY0RDNzNjZjh6SXprY2hZTXlfSTR3dlZ1aVozUTVoZw?oc=5\" target=\"_blank\" rel=\"nofollow noopener\">Ny v\u00e4dervarning \u2013 SMHI: \u201dAvs\u00e4tt l\u00e4ngre tid f\u00f6r din resa\u201d<\/a>&nbsp;&nbsp;Sveriges Radio<\/li>\n<\/ol>\n","protected":false},"excerpt":{"rendered":"SMHI varnar inf\u00f6r i morgon \u2013 risk f\u00f6r blixthalka i Skellefte\u00e5&nbsp;&nbsp;Norran Gul varning f\u00f6r pl\u00f6tslig ishalka&nbsp;&nbsp;Aftonbladet SMHI varnar&hellip;\n","protected":false},"author":2,"featured_media":94924,"comment_status":"","ping_status":"","sticky":false,"template":"","format":"standard","meta":{"footnotes":""},"categories":[12],"tags":[22,23,26,27,17,21,24,25,28,29,15,16,18,34,31,33,32,30,19,20],"class_list":{"0":"post-94923","1":"post","2":"type-post","3":"status-publish","4":"format-standard","5":"has-post-thumbnail","7":"category-sverige","8":"tag-breaking-news","9":"tag-breakingnews","10":"tag-featured-news","11":"tag-featurednews","12":"tag-headlines","13":"tag-huvudnyheter","14":"tag-latest-news","15":"tag-latestnews","16":"tag-main-news","17":"tag-mainnews","18":"tag-news","19":"tag-nyheter","20":"tag-rubriker","21":"tag-se","22":"tag-svenska","23":"tag-sverige","24":"tag-sweden","25":"tag-swedish","26":"tag-top-stories","27":"tag-topstories"},"share_on_mastodon":{"url":"https:\/\/pubeurope.com\/@se\/115647137895817063","error":""},"_links":{"self":[{"href":"https:\/\/www.europesays.com\/se\/wp-json\/wp\/v2\/posts\/94923","targetHints":{"allow":["GET"]}}],"collection":[{"href":"https:\/\/www.europesays.com\/se\/wp-json\/wp\/v2\/posts"}],"about":[{"href":"https:\/\/www.europesays.com\/se\/wp-json\/wp\/v2\/types\/post"}],"author":[{"embeddable":true,"href":"https:\/\/www.europesays.com\/se\/wp-json\/wp\/v2\/users\/2"}],"replies":[{"embeddable":true,"href":"https:\/\/www.europesays.com\/se\/wp-json\/wp\/v2\/comments?post=94923"}],"version-history":[{"count":0,"href":"https:\/\/www.europesays.com\/se\/wp-json\/wp\/v2\/posts\/94923\/revisions"}],"wp:featuredmedia":[{"embeddable":true,"href":"https:\/\/www.europesays.com\/se\/wp-json\/wp\/v2\/media\/94924"}],"wp:attachment":[{"href":"https:\/\/www.europesays.com\/se\/wp-json\/wp\/v2\/media?parent=94923"}],"wp:term":[{"taxonomy":"category","embeddable":true,"href":"https:\/\/www.europesays.com\/se\/wp-json\/wp\/v2\/categories?post=94923"},{"taxonomy":"post_tag","embeddable":true,"href":"https:\/\/www.europesays.com\/se\/wp-json\/wp\/v2\/tags?post=94923"}],"curies":[{"name":"wp","href":"https:\/\/api.w.org\/{rel}","templated":true}]}}