{"id":9493,"date":"2025-08-20T13:03:08","date_gmt":"2025-08-20T13:03:08","guid":{"rendered":"https:\/\/www.europesays.com\/se\/9493\/"},"modified":"2025-08-20T13:03:08","modified_gmt":"2025-08-20T13:03:08","slug":"salming-avslutar-sasongen-missar-finnkampen","status":"publish","type":"post","link":"https:\/\/www.europesays.com\/se\/9493\/","title":{"rendered":"Salming avslutar s\u00e4songen \u2013 missar Finnkampen"},"content":{"rendered":"<p>Den svenska m\u00e5ngkamparen Bianca Salming kommer inte att kunna t\u00e4vla under helgens Finnkamp i Stockholm, rapporterar SVT Sport. Den fotskada Salming \u00e5drog sig redan i b\u00f6rjan av s\u00e4songen stoppar henne. <\/p>\n<p>Skadan gjorde att Salmings s\u00e4song kom i g\u00e5ng sent. Hon f\u00f6rs\u00f6kte t\u00e4vla i SM, men fick bryta och nu v\u00e4ljer hon att helt avsluta \u00e5rets t\u00e4vlande f\u00f6r att f\u00e5 ordning p\u00e5 skadan inf\u00f6r n\u00e4sta s\u00e4song.<\/p>\n<p>\u00c4ven Salmings m\u00e5ngkamparkollega Lovisa Karlsson har tidigare meddelat att hon bryter s\u00e4songen p\u00e5 grund av skada. <\/p>\n<p>Omni \u00e4r politiskt obundna och oberoende. Vi str\u00e4var efter att ge fler perspektiv p\u00e5 nyheterna. Har du fr\u00e5gor eller synpunkter kring v\u00e5r rapportering? <a href=\"https:\/\/omni.se\/salming-lagger-ner-sasongen-missar-finnkampen\/a\/mailto:redaktion@omni.se\" class=\"ArticleActions_contactLink__W2F1M\" rel=\"nofollow noopener\" target=\"_blank\">Kontakta redaktionen<\/a><\/p>\n","protected":false},"excerpt":{"rendered":"Den svenska m\u00e5ngkamparen Bianca Salming kommer inte att kunna t\u00e4vla under helgens Finnkamp i Stockholm, rapporterar SVT Sport.&hellip;\n","protected":false},"author":2,"featured_media":9494,"comment_status":"","ping_status":"","sticky":false,"template":"","format":"standard","meta":{"footnotes":""},"categories":[68],"tags":[1363,1364,34,111,110,31,33,32,30],"class_list":{"0":"post-9493","1":"post","2":"type-post","3":"status-publish","4":"format-standard","5":"has-post-thumbnail","7":"category-sport","8":"tag-bianca-salming","9":"tag-friidrott","10":"tag-se","11":"tag-sport","12":"tag-sports","13":"tag-svenska","14":"tag-sverige","15":"tag-sweden","16":"tag-swedish"},"share_on_mastodon":{"url":"","error":""},"_links":{"self":[{"href":"https:\/\/www.europesays.com\/se\/wp-json\/wp\/v2\/posts\/9493","targetHints":{"allow":["GET"]}}],"collection":[{"href":"https:\/\/www.europesays.com\/se\/wp-json\/wp\/v2\/posts"}],"about":[{"href":"https:\/\/www.europesays.com\/se\/wp-json\/wp\/v2\/types\/post"}],"author":[{"embeddable":true,"href":"https:\/\/www.europesays.com\/se\/wp-json\/wp\/v2\/users\/2"}],"replies":[{"embeddable":true,"href":"https:\/\/www.europesays.com\/se\/wp-json\/wp\/v2\/comments?post=9493"}],"version-history":[{"count":0,"href":"https:\/\/www.europesays.com\/se\/wp-json\/wp\/v2\/posts\/9493\/revisions"}],"wp:featuredmedia":[{"embeddable":true,"href":"https:\/\/www.europesays.com\/se\/wp-json\/wp\/v2\/media\/9494"}],"wp:attachment":[{"href":"https:\/\/www.europesays.com\/se\/wp-json\/wp\/v2\/media?parent=9493"}],"wp:term":[{"taxonomy":"category","embeddable":true,"href":"https:\/\/www.europesays.com\/se\/wp-json\/wp\/v2\/categories?post=9493"},{"taxonomy":"post_tag","embeddable":true,"href":"https:\/\/www.europesays.com\/se\/wp-json\/wp\/v2\/tags?post=9493"}],"curies":[{"name":"wp","href":"https:\/\/api.w.org\/{rel}","templated":true}]}}