{"id":94958,"date":"2025-12-02T03:31:27","date_gmt":"2025-12-02T03:31:27","guid":{"rendered":"https:\/\/www.europesays.com\/se\/94958\/"},"modified":"2025-12-02T03:31:27","modified_gmt":"2025-12-02T03:31:27","slug":"saab-far-miljardorder-pa-luftvarn-fran-litauen","status":"publish","type":"post","link":"https:\/\/www.europesays.com\/se\/94958\/","title":{"rendered":"Saab f\u00e5r miljardorder p\u00e5 luftv\u00e4rn fr\u00e5n Litauen"},"content":{"rendered":"<p>Saab har f\u00e5tt en order p\u00e5 luftv\u00e4rnssystem fr\u00e5n den litauiska upphandlingsmyndigheten f\u00f6r f\u00f6rsvarsmateriel. Det framg\u00e5r av ett pressmeddelande.<\/p>\n<p>Orderv\u00e4rdet uppg\u00e5r till cirka 1,4 miljarder kronor med leveranser 2026\u20132030.<\/p>\n<p>\u2013 Vi \u00e4r stolta \u00f6ver att forts\u00e4tta bidra till att h\u00e5lla Litauens luftrum s\u00e4kert, s\u00e4ger Saabs aff\u00e4rsomr\u00e5deschef G\u00f6rgen Johnsson.<\/p>\n<p>Omni \u00e4r politiskt obundna och oberoende. Vi str\u00e4var efter att ge fler perspektiv p\u00e5 nyheterna. Har du fr\u00e5gor eller synpunkter kring v\u00e5r rapportering? <a href=\"https:\/\/omni.se\/saab-far-miljardorder-pa-luftvarn-fran-litauen\/a\/mailto:redaktion@omni.se\" class=\"ArticleActions_contactLink__W2F1M\" rel=\"nofollow noopener\" target=\"_blank\">Kontakta redaktionen<\/a><\/p>\n","protected":false},"excerpt":{"rendered":"Saab har f\u00e5tt en order p\u00e5 luftv\u00e4rnssystem fr\u00e5n den litauiska upphandlingsmyndigheten f\u00f6r f\u00f6rsvarsmateriel. Det framg\u00e5r av ett pressmeddelande.&hellip;\n","protected":false},"author":2,"featured_media":94959,"comment_status":"","ping_status":"","sticky":false,"template":"","format":"standard","meta":{"footnotes":""},"categories":[5],"tags":[22,23,26,27,868,17,21,24,25,2456,28,29,15,16,18,2200,34,31,33,32,30,19,20],"class_list":{"0":"post-94958","1":"post","2":"type-post","3":"status-publish","4":"format-standard","5":"has-post-thumbnail","7":"category-rubriker","8":"tag-breaking-news","9":"tag-breakingnews","10":"tag-featured-news","11":"tag-featurednews","12":"tag-forsvarsindustri","13":"tag-headlines","14":"tag-huvudnyheter","15":"tag-latest-news","16":"tag-latestnews","17":"tag-litauen","18":"tag-main-news","19":"tag-mainnews","20":"tag-news","21":"tag-nyheter","22":"tag-rubriker","23":"tag-saab","24":"tag-se","25":"tag-svenska","26":"tag-sverige","27":"tag-sweden","28":"tag-swedish","29":"tag-top-stories","30":"tag-topstories"},"share_on_mastodon":{"url":"https:\/\/pubeurope.com\/@se\/115647865360128767","error":""},"_links":{"self":[{"href":"https:\/\/www.europesays.com\/se\/wp-json\/wp\/v2\/posts\/94958","targetHints":{"allow":["GET"]}}],"collection":[{"href":"https:\/\/www.europesays.com\/se\/wp-json\/wp\/v2\/posts"}],"about":[{"href":"https:\/\/www.europesays.com\/se\/wp-json\/wp\/v2\/types\/post"}],"author":[{"embeddable":true,"href":"https:\/\/www.europesays.com\/se\/wp-json\/wp\/v2\/users\/2"}],"replies":[{"embeddable":true,"href":"https:\/\/www.europesays.com\/se\/wp-json\/wp\/v2\/comments?post=94958"}],"version-history":[{"count":0,"href":"https:\/\/www.europesays.com\/se\/wp-json\/wp\/v2\/posts\/94958\/revisions"}],"wp:featuredmedia":[{"embeddable":true,"href":"https:\/\/www.europesays.com\/se\/wp-json\/wp\/v2\/media\/94959"}],"wp:attachment":[{"href":"https:\/\/www.europesays.com\/se\/wp-json\/wp\/v2\/media?parent=94958"}],"wp:term":[{"taxonomy":"category","embeddable":true,"href":"https:\/\/www.europesays.com\/se\/wp-json\/wp\/v2\/categories?post=94958"},{"taxonomy":"post_tag","embeddable":true,"href":"https:\/\/www.europesays.com\/se\/wp-json\/wp\/v2\/tags?post=94958"}],"curies":[{"name":"wp","href":"https:\/\/api.w.org\/{rel}","templated":true}]}}