{"id":95257,"date":"2025-12-02T10:30:07","date_gmt":"2025-12-02T10:30:07","guid":{"rendered":"https:\/\/www.europesays.com\/se\/95257\/"},"modified":"2025-12-02T10:30:07","modified_gmt":"2025-12-02T10:30:07","slug":"rosacea-kopplas-till-kroniska-tarmsjukdomar-enligt-ny-studie","status":"publish","type":"post","link":"https:\/\/www.europesays.com\/se\/95257\/","title":{"rendered":"Rosacea kopplas till kroniska tarmsjukdomar enligt ny studie"},"content":{"rendered":"<p>Publicerad 2 dec 2025 kl 11.00<\/p>\n<p> Premium Rodnad, utslag, kl\u00e5da, sveda och ytliga blodk\u00e4rl i ansiktet.<\/p>\n<p>Att leva med rosacea kan vara riktigt pl\u00e5gsamt.<\/p>\n<p>En ny studie visar nu att en annan typ av kronisk sjukdom kan vara nyckeln till utbrott av hudsjukdomen.<\/p>\n<p>\u2013 Det h\u00e4r \u00e4r en uppt\u00e4ckt som kan f\u00e5 stor betydelse f\u00f6r b\u00e5de patienter och l\u00e4kare, s\u00e4ger l\u00e4kare Karim Sayed.<\/p>\n<p><img   alt=\"Rosacea \u00e4r \u00e4r en kronisk hudsjukdom som bland annat ger rodnad, utslag och ytliga blodk\u00e4rl i ansiktet\"\/><\/p>\n<p>Rosacea \u00e4r \u00e4r en kronisk hudsjukdom som bland annat ger rodnad, utslag och ytliga blodk\u00e4rl i ansiktet Foto: Olga by Shefer \/ Shutterstock<\/p>\n","protected":false},"excerpt":{"rendered":"Publicerad 2 dec 2025 kl 11.00 Premium Rodnad, utslag, kl\u00e5da, sveda och ytliga blodk\u00e4rl i ansiktet. Att leva&hellip;\n","protected":false},"author":2,"featured_media":95258,"comment_status":"","ping_status":"","sticky":false,"template":"","format":"standard","meta":{"footnotes":""},"categories":[69],"tags":[113,112,103,34,3412,3413,31,33,32,30,1739,11264],"class_list":{"0":"post-95257","1":"post","2":"type-post","3":"status-publish","4":"format-standard","5":"has-post-thumbnail","7":"category-halsa","8":"tag-halsa","9":"tag-health","10":"tag-premium","11":"tag-se","12":"tag-sections-halsa","13":"tag-sections-sjukdomarbesvar","14":"tag-svenska","15":"tag-sverige","16":"tag-sweden","17":"tag-swedish","18":"tag-topic-kronisk-sjukdom","19":"tag-topic-mag-tarmbesvar"},"share_on_mastodon":{"url":"https:\/\/pubeurope.com\/@se\/115649513105162387","error":""},"_links":{"self":[{"href":"https:\/\/www.europesays.com\/se\/wp-json\/wp\/v2\/posts\/95257","targetHints":{"allow":["GET"]}}],"collection":[{"href":"https:\/\/www.europesays.com\/se\/wp-json\/wp\/v2\/posts"}],"about":[{"href":"https:\/\/www.europesays.com\/se\/wp-json\/wp\/v2\/types\/post"}],"author":[{"embeddable":true,"href":"https:\/\/www.europesays.com\/se\/wp-json\/wp\/v2\/users\/2"}],"replies":[{"embeddable":true,"href":"https:\/\/www.europesays.com\/se\/wp-json\/wp\/v2\/comments?post=95257"}],"version-history":[{"count":0,"href":"https:\/\/www.europesays.com\/se\/wp-json\/wp\/v2\/posts\/95257\/revisions"}],"wp:featuredmedia":[{"embeddable":true,"href":"https:\/\/www.europesays.com\/se\/wp-json\/wp\/v2\/media\/95258"}],"wp:attachment":[{"href":"https:\/\/www.europesays.com\/se\/wp-json\/wp\/v2\/media?parent=95257"}],"wp:term":[{"taxonomy":"category","embeddable":true,"href":"https:\/\/www.europesays.com\/se\/wp-json\/wp\/v2\/categories?post=95257"},{"taxonomy":"post_tag","embeddable":true,"href":"https:\/\/www.europesays.com\/se\/wp-json\/wp\/v2\/tags?post=95257"}],"curies":[{"name":"wp","href":"https:\/\/api.w.org\/{rel}","templated":true}]}}