{"id":95338,"date":"2025-12-02T12:11:14","date_gmt":"2025-12-02T12:11:14","guid":{"rendered":"https:\/\/www.europesays.com\/se\/95338\/"},"modified":"2025-12-02T12:11:14","modified_gmt":"2025-12-02T12:11:14","slug":"dn-direkt-ingen-rubio-pa-nato-mote","status":"publish","type":"post","link":"https:\/\/www.europesays.com\/se\/95338\/","title":{"rendered":"DN Direkt \u2013 Ingen Rubio p\u00e5 Nato-m\u00f6te"},"content":{"rendered":"<p>Tv\u00e5 kvinnor har \u00f6verfallits och misshandlats av en maskerad person vid socialtj\u00e4nstens kontor i Johanneshov i Stockholm, uppger polisen.<\/p>\n<p>Den maskerade ska ha anv\u00e4nt n\u00e5gon form av tillhygge mot kvinnornas huvuden. B\u00e5da har f\u00f6rts till sjukhus och ska inte vara allvarligt skadade.<\/p>\n<p>\u2013 Kvinnorna \u00e4r vakna och talbara, s\u00e4ger polisens presstalesperson Rebecca Landberg.<\/p>\n<p>H\u00e4ndelsen intr\u00e4ffade vid 11.07 och utreddes till en b\u00f6rjan som grov misshandel. Vid 12.30 meddelar polisen att \u00e4rendet har omrubricerats till f\u00f6rs\u00f6k till mord.<\/p>\n<p>Vad som ligger bakom den nya rubriceringen kan polisen inte svara p\u00e5 \u00e4nnu. Men det ska finnas en koppling mellan kvinnorna och socialtj\u00e4nstkontoret, enligt polisens presstalesperson Rebecca Landberg.<\/p>\n<p>\u00c4nnu \u00e4r ingen gripen.<\/p>\n<p>\u2013 Vi arbetar f\u00f6r fullt och arbetar med kamera\u00f6vervakningscentralen f\u00f6r att se hur en g\u00e4rningsperson ska kunna ha r\u00f6rt sig i omr\u00e5det, f\u00f6r att f\u00e5 in r\u00f6relsem\u00f6nster och f\u00f6r att veta var man ska fokusera r\u00f6relseinsatsen, s\u00e4ger Rebecca Landberg.<\/p>\n","protected":false},"excerpt":{"rendered":"Tv\u00e5 kvinnor har \u00f6verfallits och misshandlats av en maskerad person vid socialtj\u00e4nstens kontor i Johanneshov i Stockholm, uppger&hellip;\n","protected":false},"author":2,"featured_media":14013,"comment_status":"","ping_status":"","sticky":false,"template":"","format":"standard","meta":{"footnotes":""},"categories":[14],"tags":[22,23,26,27,17,21,24,25,28,29,15,16,18,34,31,33,32,30,19,20,51,52,53,54],"class_list":{"0":"post-95338","1":"post","2":"type-post","3":"status-publish","4":"format-standard","5":"has-post-thumbnail","7":"category-varlden","8":"tag-breaking-news","9":"tag-breakingnews","10":"tag-featured-news","11":"tag-featurednews","12":"tag-headlines","13":"tag-huvudnyheter","14":"tag-latest-news","15":"tag-latestnews","16":"tag-main-news","17":"tag-mainnews","18":"tag-news","19":"tag-nyheter","20":"tag-rubriker","21":"tag-se","22":"tag-svenska","23":"tag-sverige","24":"tag-sweden","25":"tag-swedish","26":"tag-top-stories","27":"tag-topstories","28":"tag-varlden","29":"tag-world","30":"tag-world-news","31":"tag-worldnews"},"share_on_mastodon":{"url":"https:\/\/pubeurope.com\/@se\/115649910078449590","error":""},"_links":{"self":[{"href":"https:\/\/www.europesays.com\/se\/wp-json\/wp\/v2\/posts\/95338","targetHints":{"allow":["GET"]}}],"collection":[{"href":"https:\/\/www.europesays.com\/se\/wp-json\/wp\/v2\/posts"}],"about":[{"href":"https:\/\/www.europesays.com\/se\/wp-json\/wp\/v2\/types\/post"}],"author":[{"embeddable":true,"href":"https:\/\/www.europesays.com\/se\/wp-json\/wp\/v2\/users\/2"}],"replies":[{"embeddable":true,"href":"https:\/\/www.europesays.com\/se\/wp-json\/wp\/v2\/comments?post=95338"}],"version-history":[{"count":0,"href":"https:\/\/www.europesays.com\/se\/wp-json\/wp\/v2\/posts\/95338\/revisions"}],"wp:featuredmedia":[{"embeddable":true,"href":"https:\/\/www.europesays.com\/se\/wp-json\/wp\/v2\/media\/14013"}],"wp:attachment":[{"href":"https:\/\/www.europesays.com\/se\/wp-json\/wp\/v2\/media?parent=95338"}],"wp:term":[{"taxonomy":"category","embeddable":true,"href":"https:\/\/www.europesays.com\/se\/wp-json\/wp\/v2\/categories?post=95338"},{"taxonomy":"post_tag","embeddable":true,"href":"https:\/\/www.europesays.com\/se\/wp-json\/wp\/v2\/tags?post=95338"}],"curies":[{"name":"wp","href":"https:\/\/api.w.org\/{rel}","templated":true}]}}