{"id":95341,"date":"2025-12-02T12:15:12","date_gmt":"2025-12-02T12:15:12","guid":{"rendered":"https:\/\/www.europesays.com\/se\/95341\/"},"modified":"2025-12-02T12:15:12","modified_gmt":"2025-12-02T12:15:12","slug":"linus-carlstrand-lamnar-ifk-goteborg-klar-for-oster","status":"publish","type":"post","link":"https:\/\/www.europesays.com\/se\/95341\/","title":{"rendered":"Linus Carlstrand l\u00e4mnar IFK G\u00f6teborg \u2013 klar f\u00f6r \u00d6ster"},"content":{"rendered":"<p>Publicerad 2 dec 2025 kl 12.35Uppdaterad kl 13.08<\/p>\n<p>IFK G\u00f6teborg s\u00e4ljer Linus Carlstrand, 21, till \u00d6ster.\u00a0<\/p>\n<p>Anfallaren har skrivit p\u00e5 ett fyra\u00e5rskontrakt.\u00a0<\/p>\n<p>\u2013 Det k\u00e4nns j\u00e4kligt sp\u00e4nnande, s\u00e4ger han till \u00d6sters hemsida.\u00a0<\/p>\n<p><img   alt=\"\"\/> <\/p>\n<p>Foto: MATHIAS BERGELD \/ BILDBYR\u00c5N<\/p>\n<p>\u00d6ppna bild i helsk\u00e4rm<\/p>\n<p>Carlstrand, som hade avtal \u00f6ver 2026, lyckades inte sl\u00e5 igenom i <a href=\"https:\/\/www.expressen.se\/tagg\/organization\/ifk-goteborg\/\" class=\"\" rel=\"nofollow noopener\" target=\"_blank\">IFK G\u00f6teborgs<\/a> A-lag och nu forts\u00e4tter allts\u00e5 karri\u00e4ren i Sm\u00e5land. Nyblivna superettanlaget \u00d6ster \u2013 med Bl\u00e5vitts f\u00f6rre tekniske direkt\u00f6r Ola Larsson i spetsen \u2013 har l\u00e4nge haft \u00f6gonen p\u00e5 21-\u00e5ringen. Klubben ser honom som en viktig pusselbit i lagbygget som ska ta sig tillbaka till allsvenskan s\u00e5 fort som m\u00f6jligt.\u00a0<\/p>\n<p>\u2013\u00a0Jag jobbade med Linus n\u00e4r jag var i Bl\u00e5vitt och vet exakt vilken typ av spelare och person han \u00e4r. Hans h\u00f6st i Ljungskile bevisar vilken talang han har och tolv m\u00e5l p\u00e5 tio matcher talar sitt tydliga spr\u00e5k. Jag \u00e4r v\u00e4ldigt glad \u00f6ver att han v\u00e4ljer att komma till oss i \u00d6ster, s\u00e4ger sportchefen Ola Larsson.\u00a0<\/p>\n<p>G\u00f6teborgaren \u00e4r laddad inf\u00f6r den nya utmaningen.\u00a0<\/p>\n<p>\u2013\u00a0Jag tycker att \u00d6ster \u00e4r en storklubb som h\u00f6r hemma i allsvenskan och jag ser verkligen fram emot att dra ig\u00e5ng s\u00e4songen, s\u00e4ger han.\u00a0<\/p>\n<p>Carlstrand har varit en del av IFK G\u00f6teborgs A-lag sedan 2022 och st\u00e5r noterad f\u00f6r 80 matcher, tre m\u00e5l och tv\u00e5 assist.\u00a0<\/p>\n<p>Hannes Stiller \u00e4r sportchef i Bl\u00e5vitt. <br \/>\u2013\u00a0Det har varit tuff konkurrens p\u00e5 Linus position och han \u00e4r i en \u00e5lder d\u00e4r han beh\u00f6ver speltid. Vi fick ett bra bud fr\u00e5n \u00d6ster som alla \u00e4r n\u00f6jda med och vi \u00f6nskar nu Linus lycka till i sin fortsatta karri\u00e4r, s\u00e4ger han till klubbens hemsida.\u00a0<\/p>\n","protected":false},"excerpt":{"rendered":"Publicerad 2 dec 2025 kl 12.35Uppdaterad kl 13.08 IFK G\u00f6teborg s\u00e4ljer Linus Carlstrand, 21, till \u00d6ster.\u00a0 Anfallaren har&hellip;\n","protected":false},"author":2,"featured_media":95342,"comment_status":"","ping_status":"","sticky":false,"template":"","format":"standard","meta":{"footnotes":""},"categories":[68],"tags":[555,664,442,34,130,129,111,110,31,33,32,30],"class_list":{"0":"post-95341","1":"post","2":"type-post","3":"status-publish","4":"format-standard","5":"has-post-thumbnail","7":"category-sport","8":"tag-organization-allsvenskan","9":"tag-organization-ifk-goteborg","10":"tag-organization-osters-if","11":"tag-se","12":"tag-sections-allsvenskan","13":"tag-sections-fotboll","14":"tag-sport","15":"tag-sports","16":"tag-svenska","17":"tag-sverige","18":"tag-sweden","19":"tag-swedish"},"share_on_mastodon":{"url":"https:\/\/pubeurope.com\/@se\/115649925797180455","error":""},"_links":{"self":[{"href":"https:\/\/www.europesays.com\/se\/wp-json\/wp\/v2\/posts\/95341","targetHints":{"allow":["GET"]}}],"collection":[{"href":"https:\/\/www.europesays.com\/se\/wp-json\/wp\/v2\/posts"}],"about":[{"href":"https:\/\/www.europesays.com\/se\/wp-json\/wp\/v2\/types\/post"}],"author":[{"embeddable":true,"href":"https:\/\/www.europesays.com\/se\/wp-json\/wp\/v2\/users\/2"}],"replies":[{"embeddable":true,"href":"https:\/\/www.europesays.com\/se\/wp-json\/wp\/v2\/comments?post=95341"}],"version-history":[{"count":0,"href":"https:\/\/www.europesays.com\/se\/wp-json\/wp\/v2\/posts\/95341\/revisions"}],"wp:featuredmedia":[{"embeddable":true,"href":"https:\/\/www.europesays.com\/se\/wp-json\/wp\/v2\/media\/95342"}],"wp:attachment":[{"href":"https:\/\/www.europesays.com\/se\/wp-json\/wp\/v2\/media?parent=95341"}],"wp:term":[{"taxonomy":"category","embeddable":true,"href":"https:\/\/www.europesays.com\/se\/wp-json\/wp\/v2\/categories?post=95341"},{"taxonomy":"post_tag","embeddable":true,"href":"https:\/\/www.europesays.com\/se\/wp-json\/wp\/v2\/tags?post=95341"}],"curies":[{"name":"wp","href":"https:\/\/api.w.org\/{rel}","templated":true}]}}