{"id":95431,"date":"2025-12-02T16:02:08","date_gmt":"2025-12-02T16:02:08","guid":{"rendered":"https:\/\/www.europesays.com\/se\/95431\/"},"modified":"2025-12-02T16:02:08","modified_gmt":"2025-12-02T16:02:08","slug":"har-ar-samsungs-dubbelvikta-debut-tar-upp-kampen-med-huawei","status":"publish","type":"post","link":"https:\/\/www.europesays.com\/se\/95431\/","title":{"rendered":"H\u00e4r \u00e4r Samsungs dubbelvikta debut \u2013 tar upp kampen med Huawei"},"content":{"rendered":"<p class=\"kicker color_mobile_no_bg_color\" style=\"\">TECH<\/p>\n<p>\n        Samsung Trifold sl\u00e4pps i Sydkorea 12 december.<br \/>\n        Foto: Samsung\n    <\/p>\n<p>    Samsung Trifold. Det \u00e4r namnet p\u00e5 den koreanska elektronikj\u00e4ttens f\u00f6rsta dubbelvikta telefon \u2013 som i utf\u00e4llt l\u00e4ge f\u00f6rvandlas till en surfplatta.<\/p>\n<p>Samsung anser att Trifold \u201dlevererar den perfekta balansen mellan b\u00e4rbarhet, premiumprestanda och produktivitet\u201d.<\/p>\n<p>Enheten b\u00f6rjar s\u00e4ljas i Sydkorea 12 december. Och priset l\u00e4r inte direkt f\u00e5 en att vika sig dubbelt av skratt: r\u00e4kna med att Trifold kommer att landa norr om 25 000 kronor om och n\u00e4r den sl\u00e4pps i Sverige<\/p>\n<p>Utf\u00e4lld \u00e4r telefonen tunn. J\u00e4ttetunn. Med mellan 3,9 och 4,2 (de tre panelerna har varierande tjocklek) millimeter f\u00e5r den <a href=\"https:\/\/www.nyteknik.se\/tech\/test-iphone-air-ett-stycke-tunn-skarm-som-det-ocksa-ryms-en-smartphone-i\/4398164\" target=\"_blank\" rel=\"nofollow noopener\">Iphone Air<\/a> (5,6 mm) att framst\u00e5 som en klumpeduns. Tunnheten g\u00e4ller emellertid inte om man r\u00e4knar enhetens kameramodul som givetvis skjuter ut rej\u00e4lt fr\u00e5n baksidan. Trifold har tre objektiv, inklusive ett tele p\u00e5 3x.<\/p>\n<p>                <img decoding=\"async\" src=\"https:\/\/www.europesays.com\/se\/wp-content\/uploads\/2025\/12\/4417004.webp\" width=\"480\" height=\"274\" title=\"Samsung Trifold \u00e4r tunn.\" alt=\"vikbar, mobil, smartphone\" loading=\"lazy\" style=\"\"\/><\/p>\n<p>\n            Samsung Trifold \u00e4r tunn.<br \/>\n            Foto: Samsung\n        <\/p>\n<p>Som tre telefoner<\/p>\n<p>Huvudsk\u00e4rmen m\u00e4ter 10 tum, har en uppl\u00f6sning p\u00e5 2 160 x 1 584 pixlar och en adaptiv bilduppdateringsfrekvens mellan 1 och 120 Hz.<\/p>\n<p>Trifold kan exempelvis anv\u00e4ndas som en vanlig surfplatta eller som tre telefoner sida vid sida \u2013 med tre separata appar \u00f6ppna och synliga samtidigt.<\/p>\n<p>Fullt lika attraktiv \u00e4r inte telefonen n\u00e4r den \u00e4r vikt. D\u00e5 serveras en ordin\u00e4r sk\u00e4rm p\u00e5 6,5 tum och en tjocklek p\u00e5 12,9 mm, vilket \u00e4r i paritet med exempelvis Galaxy Z Fold 5 fr\u00e5n 2023 (13,4 mm).<\/p>\n<p>Trifold huserar en Snapdragon 8 Elite-systemkrets, 16 GB minne, ett batteri p\u00e5 5 600 mAh och enheten v\u00e4ger 309 gram.<\/p>\n<p>Huawei \u00e4r en konkurrent<\/p>\n<p>Samsung \u00e4r inte f\u00f6rst till marknaden med en dubbelvikt smarttelefon. De mest k\u00e4nda rivalerna \u00e4r Huaweis Mate XT och Mate XTs.<\/p>\n<p>Likv\u00e4l f\u00f6rblir segmentet en nisch. Enligt Reuters f\u00f6rv\u00e4ntas vikbara telefoner st\u00e5 f\u00f6r endast tv\u00e5 procent av smartphonemarknaden under 2026. Den siffran kan komma att stiga till tre procent under 2027. N\u00e4sta \u00e5r, tror m\u00e5nga bed\u00f6mare, kommer Apple att sl\u00e4ppa sin f\u00f6rsta vikbara telefon.<\/p>\n","protected":false},"excerpt":{"rendered":"TECH Samsung Trifold sl\u00e4pps i Sydkorea 12 december. Foto: Samsung Samsung Trifold. Det \u00e4r namnet p\u00e5 den koreanska&hellip;\n","protected":false},"author":2,"featured_media":95432,"comment_status":"","ping_status":"","sticky":false,"template":"","format":"standard","meta":{"footnotes":""},"categories":[66],"tags":[80,78,79,34,31,33,32,30,81,84,83,82],"class_list":{"0":"post-95431","1":"post","2":"type-post","3":"status-publish","4":"format-standard","5":"has-post-thumbnail","7":"category-vetenskap-och-teknik","8":"tag-science","9":"tag-science-and-technology","10":"tag-scienceandtechnology","11":"tag-se","12":"tag-svenska","13":"tag-sverige","14":"tag-sweden","15":"tag-swedish","16":"tag-technology","17":"tag-teknik","18":"tag-vetenskap","19":"tag-vetenskapteknik"},"share_on_mastodon":{"url":"https:\/\/pubeurope.com\/@se\/115650818576515632","error":""},"_links":{"self":[{"href":"https:\/\/www.europesays.com\/se\/wp-json\/wp\/v2\/posts\/95431","targetHints":{"allow":["GET"]}}],"collection":[{"href":"https:\/\/www.europesays.com\/se\/wp-json\/wp\/v2\/posts"}],"about":[{"href":"https:\/\/www.europesays.com\/se\/wp-json\/wp\/v2\/types\/post"}],"author":[{"embeddable":true,"href":"https:\/\/www.europesays.com\/se\/wp-json\/wp\/v2\/users\/2"}],"replies":[{"embeddable":true,"href":"https:\/\/www.europesays.com\/se\/wp-json\/wp\/v2\/comments?post=95431"}],"version-history":[{"count":0,"href":"https:\/\/www.europesays.com\/se\/wp-json\/wp\/v2\/posts\/95431\/revisions"}],"wp:featuredmedia":[{"embeddable":true,"href":"https:\/\/www.europesays.com\/se\/wp-json\/wp\/v2\/media\/95432"}],"wp:attachment":[{"href":"https:\/\/www.europesays.com\/se\/wp-json\/wp\/v2\/media?parent=95431"}],"wp:term":[{"taxonomy":"category","embeddable":true,"href":"https:\/\/www.europesays.com\/se\/wp-json\/wp\/v2\/categories?post=95431"},{"taxonomy":"post_tag","embeddable":true,"href":"https:\/\/www.europesays.com\/se\/wp-json\/wp\/v2\/tags?post=95431"}],"curies":[{"name":"wp","href":"https:\/\/api.w.org\/{rel}","templated":true}]}}