{"id":95434,"date":"2025-12-02T16:04:11","date_gmt":"2025-12-02T16:04:11","guid":{"rendered":"https:\/\/www.europesays.com\/se\/95434\/"},"modified":"2025-12-02T16:04:11","modified_gmt":"2025-12-02T16:04:11","slug":"eus-tidigare-utrikeschef-gripen-i-polistillslag","status":"publish","type":"post","link":"https:\/\/www.europesays.com\/se\/95434\/","title":{"rendered":"EU:s tidigare utrikeschef gripen i polistillslag"},"content":{"rendered":"<p>Polisrazzian genomf\u00f6rdes mot EU:s utrikestj\u00e4nst EEAS och h\u00f6gskolan \u201dCollege of Europe\u201d i staden Brygge. Tillslagen \u00e4r en del av en utredning om misst\u00e4nkt bedr\u00e4geri relaterat till EU-finansierad utbildning f\u00f6r unga diplomater, meddelar \u00e5klagarna p\u00e5 tisdagen <a href=\"https:\/\/www.reuters.com\/world\/belgian-police-raids-eus-diplomatic-service-fraud-suspicion-2025-12-02\/\" rel=\"nofollow noopener\" target=\"_blank\">enligt Reuters<\/a>.<\/p>\n<p>Ut\u00f6ver Mogherini \u00e4r det ytterligare tv\u00e5 personer som gripits. Tillslagen har skett mot flera byggnader inom utrikestj\u00e4nsten, h\u00f6gskolan, samt \u00e4ven i de misst\u00e4nktas hem.<\/p>\n<p>H\u00f6gskolan \u201dCollege of Europe\u201d \u00e4r ett l\u00e4ros\u00e4te d\u00e4r universitetsutbildade fr\u00e5n EU:s medlemsl\u00e4nder kan f\u00f6rbereda sig f\u00f6r en eventuell karri\u00e4r inom EU. Mogherini \u00e4r f\u00f6r n\u00e4rvarande rektor p\u00e5 h\u00f6gskolan.<\/p>\n<p>EEAS leds av EU:s utrikeschef Kaja Kallas sedan november f\u00f6rra \u00e5ret.<\/p>\n","protected":false},"excerpt":{"rendered":"Polisrazzian genomf\u00f6rdes mot EU:s utrikestj\u00e4nst EEAS och h\u00f6gskolan \u201dCollege of Europe\u201d i staden Brygge. Tillslagen \u00e4r en del&hellip;\n","protected":false},"author":2,"featured_media":95435,"comment_status":"","ping_status":"","sticky":false,"template":"","format":"standard","meta":{"footnotes":""},"categories":[14],"tags":[22,23,26,27,17,21,24,25,28,29,15,16,18,34,31,33,32,30,19,20,51,52,53,54],"class_list":{"0":"post-95434","1":"post","2":"type-post","3":"status-publish","4":"format-standard","5":"has-post-thumbnail","7":"category-varlden","8":"tag-breaking-news","9":"tag-breakingnews","10":"tag-featured-news","11":"tag-featurednews","12":"tag-headlines","13":"tag-huvudnyheter","14":"tag-latest-news","15":"tag-latestnews","16":"tag-main-news","17":"tag-mainnews","18":"tag-news","19":"tag-nyheter","20":"tag-rubriker","21":"tag-se","22":"tag-svenska","23":"tag-sverige","24":"tag-sweden","25":"tag-swedish","26":"tag-top-stories","27":"tag-topstories","28":"tag-varlden","29":"tag-world","30":"tag-world-news","31":"tag-worldnews"},"share_on_mastodon":{"url":"https:\/\/pubeurope.com\/@se\/115650826263569376","error":""},"_links":{"self":[{"href":"https:\/\/www.europesays.com\/se\/wp-json\/wp\/v2\/posts\/95434","targetHints":{"allow":["GET"]}}],"collection":[{"href":"https:\/\/www.europesays.com\/se\/wp-json\/wp\/v2\/posts"}],"about":[{"href":"https:\/\/www.europesays.com\/se\/wp-json\/wp\/v2\/types\/post"}],"author":[{"embeddable":true,"href":"https:\/\/www.europesays.com\/se\/wp-json\/wp\/v2\/users\/2"}],"replies":[{"embeddable":true,"href":"https:\/\/www.europesays.com\/se\/wp-json\/wp\/v2\/comments?post=95434"}],"version-history":[{"count":0,"href":"https:\/\/www.europesays.com\/se\/wp-json\/wp\/v2\/posts\/95434\/revisions"}],"wp:featuredmedia":[{"embeddable":true,"href":"https:\/\/www.europesays.com\/se\/wp-json\/wp\/v2\/media\/95435"}],"wp:attachment":[{"href":"https:\/\/www.europesays.com\/se\/wp-json\/wp\/v2\/media?parent=95434"}],"wp:term":[{"taxonomy":"category","embeddable":true,"href":"https:\/\/www.europesays.com\/se\/wp-json\/wp\/v2\/categories?post=95434"},{"taxonomy":"post_tag","embeddable":true,"href":"https:\/\/www.europesays.com\/se\/wp-json\/wp\/v2\/tags?post=95434"}],"curies":[{"name":"wp","href":"https:\/\/api.w.org\/{rel}","templated":true}]}}