{"id":95501,"date":"2025-12-02T18:03:16","date_gmt":"2025-12-02T18:03:16","guid":{"rendered":"https:\/\/www.europesays.com\/se\/95501\/"},"modified":"2025-12-02T18:03:16","modified_gmt":"2025-12-02T18:03:16","slug":"eu-satsar-pa-investeringar-for-hallbara-transporter","status":"publish","type":"post","link":"https:\/\/www.europesays.com\/se\/95501\/","title":{"rendered":"EU satsar p\u00e5 investeringar f\u00f6r h\u00e5llbara transporter"},"content":{"rendered":"<p><strong>EU-kommissionen har en investeringsplan f\u00f6r h\u00e5llbara transporter. Planen fokuserar p\u00e5 att \u00f6ka produktionen av f\u00f6rnybara br\u00e4nslen och br\u00e4nslen med l\u00e5ga utsl\u00e4pp.<\/strong><\/p>\n<p>I planen skriver kommissionen att transporter inom luft- och sj\u00f6fart bara delvis kan anv\u00e4nda elektrifiering f\u00f6r att minska v\u00e4xthusgasutsl\u00e4ppen. Luft- och sj\u00f6farten st\u00e5r idag f\u00f6r 8,4 procent av EU:s totala v\u00e4xthusgasutsl\u00e4pp. Enligt planen kommer d\u00e4rf\u00f6r anv\u00e4ndning av f\u00f6rnybara br\u00e4nslen och br\u00e4nslen med l\u00e5ga utsl\u00e4pp att beh\u00f6vas.<\/p>\n<p>Kommissionen uppger att best\u00e4mmelserna med krav om iblandning och s\u00e4nkta v\u00e4xthusgasutsl\u00e4pp i EU-f\u00f6rordningarna ReFuelEU Aviation och FuelEU Maritime inneb\u00e4r att betydande m\u00e4ngder (13,2 Mt biobr\u00e4nsle och 6,8 Mt elektrobr\u00e4nsle) kommer att beh\u00f6vas till 2035. Enligt kommissionen kr\u00e4vs d\u00e4rf\u00f6r \u00e4ven betydande investeringar (100 miljarder euro till 2035) fr\u00e5n marknaden f\u00f6r att uppn\u00e5 produktions\u00f6kningen.<\/p>\n<p>Investeringsplanen f\u00f6r h\u00e5llbara transporter lyfter dock flera os\u00e4kra faktorer f\u00f6r produktionen av f\u00f6rnybara br\u00e4nslen och br\u00e4nslen med l\u00e5ga utsl\u00e4pp. Bland annat begr\u00e4nsad tillg\u00e5ng p\u00e5 r\u00e5varor f\u00f6r att kunna producera br\u00e4nslena och konkurrens om r\u00e5varor med andra sektorer. D\u00e4rtill finns os\u00e4kerheter om marknadspriset f\u00f6r de f\u00e4rdiga br\u00e4nslena och vinster f\u00f6r investerare, vilket inneb\u00e4r att investerare blir os\u00e4kra och avvaktande.<\/p>\n<p>Planen lyfter \u00e4ven att det finns en marknadsobalans, som inneb\u00e4r att producenter f\u00f6redrar l\u00e5ngsiktiga avtal f\u00f6r att kunna amortera kostsamma investeringar, medan k\u00f6pare av br\u00e4nsle ofta vill ha kortsiktigare kontrakt med flexibla br\u00e4nslepriser. Enligt planen kommer mer r\u00e5varor beh\u00f6va mobiliseras f\u00f6r att kunna \u00f6ka produktionen av f\u00f6rnybara br\u00e4nslen och br\u00e4nslen med l\u00e5ga utsl\u00e4pp.<\/p>\n<p>Enligt planen kan r\u00e5varor mobiliseras genom att tillg\u00e4ngligg\u00f6ra avancerade och avfallsbaserade br\u00e4nsler\u00e5varor, bygga upp leveranskedjor f\u00f6r r\u00e5varor som inte anv\u00e4nts tidigare och att \u00f6ka effektiviteten och cirkul\u00e4riteten av inhemska reststr\u00f6mmar.<\/p>\n<p>N\u00e4r det g\u00e4ller finansiering uppger kommissionen att tv\u00e5 miljarder euro kommer att mobiliseras genom InvestEU f\u00f6r att \u00f6verkomma investeringsbarri\u00e4rer och \u00f6verbrygga finansieringsgap i ett kortare tidsperspektiv. Kommissionen kommer \u00e4ven mot slutet av \u00e5ret att f\u00f6resl\u00e5 st\u00f6d p\u00e5 300 miljoner euro till v\u00e4tgasproduktion som anv\u00e4nds till h\u00e5llbart flygbr\u00e4nsle (SAF) och h\u00e5llbart sj\u00f6fartsbr\u00e4nsle (SMF).<\/p>\n<p>D\u00e4rtill kommer kommissionen att st\u00f6dja forsknings- och innovationsprojekt med 133 miljoner euro genom Horizon Europe. Vidare kommer kommissionen att starta ett pilotprojekt f\u00f6r h\u00e5llbart elektrobr\u00e4nsle f\u00f6r flyg (e-SAF) tillsammans med dedikerade medlemsstater. M\u00e5let \u00e4r att kunna mobilisera 500 miljoner euro f\u00f6r projekt inom h\u00e5llbart elektrobr\u00e4nsle f\u00f6r flyg.<\/p>\n<p>Kommissionen uppger \u00e4ven att de kommer att arbeta f\u00f6r att etablera en medlingsmekanism som p\u00e5 medell\u00e5ng sikt kan f\u00f6ra samman producenter och k\u00f6pare f\u00f6r att tillhandah\u00e5lla tryggade inkomster och minska riskerna f\u00f6r investeringar i framtida br\u00e4nsleproduktion.<\/p>\n<p>Slutligen uppger kommissionen att \u00f6kad produktion av h\u00e5llbara br\u00e4nslen inom EU kan \u00f6ka EU:s konkurrenskraft, minska beroendet av fossila br\u00e4nslen och att EU d\u00e4rigenom kan bli en ledare inom omst\u00e4llningen, vilket \u00e4ven kan bidra till att l\u00e5ngsiktigt uppn\u00e5 klimatneutralitet till 2050.<\/p>\n<p>K\u00e4lla: Energimyndigheten<\/p>\n","protected":false},"excerpt":{"rendered":"EU-kommissionen har en investeringsplan f\u00f6r h\u00e5llbara transporter. Planen fokuserar p\u00e5 att \u00f6ka produktionen av f\u00f6rnybara br\u00e4nslen och br\u00e4nslen&hellip;\n","protected":false},"author":2,"featured_media":95502,"comment_status":"","ping_status":"","sticky":false,"template":"","format":"standard","meta":{"footnotes":""},"categories":[65],"tags":[72,70,71,34,31,33,32,30],"class_list":{"0":"post-95501","1":"post","2":"type-post","3":"status-publish","4":"format-standard","5":"has-post-thumbnail","7":"category-ekonomi","8":"tag-business","9":"tag-economy","10":"tag-ekonomi","11":"tag-se","12":"tag-svenska","13":"tag-sverige","14":"tag-sweden","15":"tag-swedish"},"share_on_mastodon":{"url":"https:\/\/pubeurope.com\/@se\/115651294171243546","error":""},"_links":{"self":[{"href":"https:\/\/www.europesays.com\/se\/wp-json\/wp\/v2\/posts\/95501","targetHints":{"allow":["GET"]}}],"collection":[{"href":"https:\/\/www.europesays.com\/se\/wp-json\/wp\/v2\/posts"}],"about":[{"href":"https:\/\/www.europesays.com\/se\/wp-json\/wp\/v2\/types\/post"}],"author":[{"embeddable":true,"href":"https:\/\/www.europesays.com\/se\/wp-json\/wp\/v2\/users\/2"}],"replies":[{"embeddable":true,"href":"https:\/\/www.europesays.com\/se\/wp-json\/wp\/v2\/comments?post=95501"}],"version-history":[{"count":0,"href":"https:\/\/www.europesays.com\/se\/wp-json\/wp\/v2\/posts\/95501\/revisions"}],"wp:featuredmedia":[{"embeddable":true,"href":"https:\/\/www.europesays.com\/se\/wp-json\/wp\/v2\/media\/95502"}],"wp:attachment":[{"href":"https:\/\/www.europesays.com\/se\/wp-json\/wp\/v2\/media?parent=95501"}],"wp:term":[{"taxonomy":"category","embeddable":true,"href":"https:\/\/www.europesays.com\/se\/wp-json\/wp\/v2\/categories?post=95501"},{"taxonomy":"post_tag","embeddable":true,"href":"https:\/\/www.europesays.com\/se\/wp-json\/wp\/v2\/tags?post=95501"}],"curies":[{"name":"wp","href":"https:\/\/api.w.org\/{rel}","templated":true}]}}