{"id":95505,"date":"2025-12-02T18:06:12","date_gmt":"2025-12-02T18:06:12","guid":{"rendered":"https:\/\/www.europesays.com\/se\/95505\/"},"modified":"2025-12-02T18:06:12","modified_gmt":"2025-12-02T18:06:12","slug":"polis-ska-kunna-rekommendera-utvisning-2","status":"publish","type":"post","link":"https:\/\/www.europesays.com\/se\/95505\/","title":{"rendered":"Polis ska kunna rekommendera utvisning"},"content":{"rendered":"<p>Polisen ska kunna rekommendera utvisning av personer med uppeh\u00e5llstillst\u00e5nd som har kopplingar till kriminella n\u00e4tverk, men som inte har f\u00e4llts f\u00f6r brott. Det f\u00f6resl\u00e5r en ny utredning enligt Ekot.<\/p>\n<p>\u00c4rendet ska handl\u00e4ggas av Migrationsverket, men polisen ska ha r\u00e4tt att \u00f6verklaga beslutet.<\/p>\n<p>Justitieminister Gunnar Str\u00f6mmer (M) s\u00e4ger att regeringen nu ska analysera f\u00f6rslaget.<\/p>\n<p>\u2013 Vi ska analysera vad utredningen har att s\u00e4ga. Men det \u00e4r viktigt att understryka att det naturligtvis kommer att kr\u00e4vas en konkret och p\u00e5taglig koppling till en s\u00e5dan brottslighet, och ocks\u00e5 ett visst allvar i brottsligheten, s\u00e4ger han till TT.<\/p>\n<p>Omni \u00e4r politiskt obundna och oberoende. Vi str\u00e4var efter att ge fler perspektiv p\u00e5 nyheterna. Har du fr\u00e5gor eller synpunkter kring v\u00e5r rapportering? <a href=\"https:\/\/omni.se\/forslaget-polis-ska-kunna-rekommendera-utvisning\/a\/mailto:redaktion@omni.se\" class=\"ArticleActions_contactLink__W2F1M\" rel=\"nofollow noopener\" target=\"_blank\">Kontakta redaktionen<\/a><\/p>\n","protected":false},"excerpt":{"rendered":"Polisen ska kunna rekommendera utvisning av personer med uppeh\u00e5llstillst\u00e5nd som har kopplingar till kriminella n\u00e4tverk, men som inte&hellip;\n","protected":false},"author":2,"featured_media":95506,"comment_status":"","ping_status":"","sticky":false,"template":"","format":"standard","meta":{"footnotes":""},"categories":[5],"tags":[22,23,26,27,2613,17,21,1558,120,24,25,28,29,2815,15,16,369,18,34,31,33,32,30,19,20],"class_list":{"0":"post-95505","1":"post","2":"type-post","3":"status-publish","4":"format-standard","5":"has-post-thumbnail","7":"category-rubriker","8":"tag-breaking-news","9":"tag-breakingnews","10":"tag-featured-news","11":"tag-featurednews","12":"tag-gunnar-strommer","13":"tag-headlines","14":"tag-huvudnyheter","15":"tag-kriminalpolitik","16":"tag-lag-ratt","17":"tag-latest-news","18":"tag-latestnews","19":"tag-main-news","20":"tag-mainnews","21":"tag-migration","22":"tag-news","23":"tag-nyheter","24":"tag-politik","25":"tag-rubriker","26":"tag-se","27":"tag-svenska","28":"tag-sverige","29":"tag-sweden","30":"tag-swedish","31":"tag-top-stories","32":"tag-topstories"},"share_on_mastodon":{"url":"https:\/\/pubeurope.com\/@se\/115651305989683104","error":""},"_links":{"self":[{"href":"https:\/\/www.europesays.com\/se\/wp-json\/wp\/v2\/posts\/95505","targetHints":{"allow":["GET"]}}],"collection":[{"href":"https:\/\/www.europesays.com\/se\/wp-json\/wp\/v2\/posts"}],"about":[{"href":"https:\/\/www.europesays.com\/se\/wp-json\/wp\/v2\/types\/post"}],"author":[{"embeddable":true,"href":"https:\/\/www.europesays.com\/se\/wp-json\/wp\/v2\/users\/2"}],"replies":[{"embeddable":true,"href":"https:\/\/www.europesays.com\/se\/wp-json\/wp\/v2\/comments?post=95505"}],"version-history":[{"count":0,"href":"https:\/\/www.europesays.com\/se\/wp-json\/wp\/v2\/posts\/95505\/revisions"}],"wp:featuredmedia":[{"embeddable":true,"href":"https:\/\/www.europesays.com\/se\/wp-json\/wp\/v2\/media\/95506"}],"wp:attachment":[{"href":"https:\/\/www.europesays.com\/se\/wp-json\/wp\/v2\/media?parent=95505"}],"wp:term":[{"taxonomy":"category","embeddable":true,"href":"https:\/\/www.europesays.com\/se\/wp-json\/wp\/v2\/categories?post=95505"},{"taxonomy":"post_tag","embeddable":true,"href":"https:\/\/www.europesays.com\/se\/wp-json\/wp\/v2\/tags?post=95505"}],"curies":[{"name":"wp","href":"https:\/\/api.w.org\/{rel}","templated":true}]}}