{"id":95511,"date":"2025-12-02T18:22:15","date_gmt":"2025-12-02T18:22:15","guid":{"rendered":"https:\/\/www.europesays.com\/se\/95511\/"},"modified":"2025-12-02T18:22:15","modified_gmt":"2025-12-02T18:22:15","slug":"forskolepersonal-trivs-med-sitt-arbete-men-manga-upplever-stress-visar-internationell-undersokning","status":"publish","type":"post","link":"https:\/\/www.europesays.com\/se\/95511\/","title":{"rendered":"F\u00f6rskolepersonal trivs med sitt arbete men m\u00e5nga upplever stress, visar internationell unders\u00f6kning"},"content":{"rendered":"<p>&#13;<br \/>\nMer \u00e4n 90 procent av personalen i f\u00f6rskolan \u00e4r n\u00f6jda med sitt arbete, men samtidigt upplever n\u00e4stan h\u00e4lften en h\u00f6g grad av stress i arbetet. Det visar den internationella enk\u00e4tstudien TALIS 2024, som unders\u00f6ker yrkesvardagen f\u00f6r personal och rektorer i f\u00f6rskolan. Regeringen g\u00f6r flera \u00e5tg\u00e4rder f\u00f6r att f\u00f6rb\u00e4ttra arbetsmilj\u00f6n i f\u00f6rskolan. <\/p>\n<p>\u2013 Det \u00e4r gl\u00e4djande att f\u00f6rskolepersonalen trivs p\u00e5 jobbet i s\u00e5 h\u00f6g grad. Det \u00e4r d\u00e4remot oroande att n\u00e4stan h\u00e4lften upplever en h\u00f6g grad av stress och att s\u00e5 m\u00e5nga uppger att det \u00e4r f\u00f6r m\u00e5nga barn per vuxen. Regeringen g\u00f6r flera \u00e5tg\u00e4rder f\u00f6r att f\u00f6rb\u00e4ttra arbetsmilj\u00f6n. Bland annat ska tiden f\u00f6r f\u00f6r- och efterarbete regleras och fr\u00e5gan om personalt\u00e4thet utreds just nu, s\u00e4ger utbildnings- och integrationsminister Simona Mohamsson.<\/p>\n<p>Unders\u00f6kningen visar att 73 procent av f\u00f6rskolepersonalen skulle v\u00e4lja att arbeta i f\u00f6rskola igen om de hade m\u00f6jlighet att v\u00e4lja om. Samtidigt anger 47 procent av personalen att de upplever en h\u00f6g stressniv\u00e5. Av de nordiska l\u00e4nderna deltog Sverige, Finland och Danmark. Unders\u00f6kningen visade att personalen i Sverige ansvarar f\u00f6r fler barn per personal \u00e4n i Danmark och Finland och att m\u00e5nga barn i barngruppen \u00e4r det som stressar f\u00f6rskolepersonalen mest.<\/p>\n<p>F\u00f6rskolepersonal i Sverige har i genomsnitt mindre tid utanf\u00f6r barngrupp \u00e4n f\u00f6rskolepersonal i Danmark och Finland. Tiden utanf\u00f6r barngrupp i Sverige \u00e4r fyra timmar, att j\u00e4mf\u00f6ra med fem timmar i grannl\u00e4nderna.\u00a0<\/p>\n<p>Regeringen g\u00f6r flera \u00e5tg\u00e4rder f\u00f6r att f\u00f6rb\u00e4ttra arbetsmilj\u00f6n i f\u00f6rskolan<\/p>\n<p>Regeringen f\u00f6resl\u00e5r i budgetpropositionen 2026 att tiden f\u00f6r f\u00f6rskoll\u00e4rares och l\u00e4rares undervisningsuppdrag ska regleras. Regeringen tillsatte en utredning som l\u00e4mnade f\u00f6rslag p\u00e5 att det ska finnas en l\u00e4gsta gr\u00e4ns f\u00f6r hur mycket tid en f\u00f6rskoll\u00e4rare ska ha f\u00f6r att planera och f\u00f6lja upp sin undervisning. F\u00f6rslagen bereds just nu i Regeringskansliet. Reglerad planeringstid kan leda till en b\u00e4ttre arbetsmilj\u00f6 och \u00e4r en viktig \u00e5tg\u00e4rd b\u00e5de f\u00f6r undervisningens kvalitet men ocks\u00e5 f\u00f6r att g\u00f6ra f\u00f6rskoll\u00e4raryrket mer attraktivt.<\/p>\n<p>Regeringen har ocks\u00e5 tillsatt en utredning som ska f\u00f6resl\u00e5 hur Sveriges f\u00f6rskolor ska f\u00e5 f\u00f6ruts\u00e4ttningar att erbjuda en likv\u00e4rdig utbildning av god kvalitet. Det g\u00e4ller bland annat att se \u00f6ver reglering av barngruppernas storlek och personalt\u00e4theten. Utredningen ska redovisa sina f\u00f6rslag i juni 2026.\u00a0<\/p>\n","protected":false},"excerpt":{"rendered":"&#13; Mer \u00e4n 90 procent av personalen i f\u00f6rskolan \u00e4r n\u00f6jda med sitt arbete, men samtidigt upplever n\u00e4stan&hellip;\n","protected":false},"author":2,"featured_media":67452,"comment_status":"","ping_status":"","sticky":false,"template":"","format":"standard","meta":{"footnotes":""},"categories":[5],"tags":[22,23,26,27,17,21,24,25,28,29,15,16,18,34,31,33,32,30,19,20],"class_list":{"0":"post-95511","1":"post","2":"type-post","3":"status-publish","4":"format-standard","5":"has-post-thumbnail","7":"category-rubriker","8":"tag-breaking-news","9":"tag-breakingnews","10":"tag-featured-news","11":"tag-featurednews","12":"tag-headlines","13":"tag-huvudnyheter","14":"tag-latest-news","15":"tag-latestnews","16":"tag-main-news","17":"tag-mainnews","18":"tag-news","19":"tag-nyheter","20":"tag-rubriker","21":"tag-se","22":"tag-svenska","23":"tag-sverige","24":"tag-sweden","25":"tag-swedish","26":"tag-top-stories","27":"tag-topstories"},"share_on_mastodon":{"url":"https:\/\/pubeurope.com\/@se\/115651368891401586","error":""},"_links":{"self":[{"href":"https:\/\/www.europesays.com\/se\/wp-json\/wp\/v2\/posts\/95511","targetHints":{"allow":["GET"]}}],"collection":[{"href":"https:\/\/www.europesays.com\/se\/wp-json\/wp\/v2\/posts"}],"about":[{"href":"https:\/\/www.europesays.com\/se\/wp-json\/wp\/v2\/types\/post"}],"author":[{"embeddable":true,"href":"https:\/\/www.europesays.com\/se\/wp-json\/wp\/v2\/users\/2"}],"replies":[{"embeddable":true,"href":"https:\/\/www.europesays.com\/se\/wp-json\/wp\/v2\/comments?post=95511"}],"version-history":[{"count":0,"href":"https:\/\/www.europesays.com\/se\/wp-json\/wp\/v2\/posts\/95511\/revisions"}],"wp:featuredmedia":[{"embeddable":true,"href":"https:\/\/www.europesays.com\/se\/wp-json\/wp\/v2\/media\/67452"}],"wp:attachment":[{"href":"https:\/\/www.europesays.com\/se\/wp-json\/wp\/v2\/media?parent=95511"}],"wp:term":[{"taxonomy":"category","embeddable":true,"href":"https:\/\/www.europesays.com\/se\/wp-json\/wp\/v2\/categories?post=95511"},{"taxonomy":"post_tag","embeddable":true,"href":"https:\/\/www.europesays.com\/se\/wp-json\/wp\/v2\/tags?post=95511"}],"curies":[{"name":"wp","href":"https:\/\/api.w.org\/{rel}","templated":true}]}}