{"id":95514,"date":"2025-12-02T18:30:19","date_gmt":"2025-12-02T18:30:19","guid":{"rendered":"https:\/\/www.europesays.com\/se\/95514\/"},"modified":"2025-12-02T18:30:19","modified_gmt":"2025-12-02T18:30:19","slug":"joakim-lundells-krav-pa-svt-stoppa-dokumentaren-hd","status":"publish","type":"post","link":"https:\/\/www.europesays.com\/se\/95514\/","title":{"rendered":"Joakim Lundells krav p\u00e5 SVT: Stoppa dokument\u00e4ren \u2013 HD"},"content":{"rendered":"<p>I den f\u00f6rsta delen av SVT-dokument\u00e4ren \u201dHatet\u201d framtr\u00e4der Joakim Lundells mamma, som han i en uppm\u00e4rksammad sj\u00e4lvbiografi, tv-serier och poddar anklagat f\u00f6r psykiska och fysiska \u00f6vergrepp under barndomen.<\/p>\n<p>Dokument\u00e4rmakaren Bo-G\u00f6ran Bodin har g\u00e5tt igenom Joakim Lundells journaler fr\u00e5n socialtj\u00e4nsten och barn- och ungdomspsykiatrin och h\u00e4vdar att det d\u00e4r inte finns n\u00e5gra bel\u00e4gg f\u00f6r Lundells p\u00e5st\u00e5enden om \u00f6vergrepp.<\/p>\n<p>Lundells advokat Mark Safaryan anklagar SVT f\u00f6r \u201df\u00f6rf\u00e4rliga skildringar\u201d av hans klients barndomstrauman. <\/p>\n<p>Dokument\u00e4rens slutsatser utg\u00f6r f\u00f6rtal, enligt advokaten, som till\u00e4gger att han f\u00e5tt i uppdrag av Lundell att dra ansvariga inf\u00f6r r\u00e4tta. <\/p>\n<p>\u2013 SVT m\u00e5ste upph\u00f6ra med dokument\u00e4ren snarast och senast inom 24 timmar, s\u00e4ger han till Expressen.<\/p>\n<p>Axel Arn\u00f6, ansvarig utgivare hos SVT Dokument\u00e4r uppger f\u00f6r TT att man inte kommer att \u00e4ndra n\u00e5got i publiceringen. <\/p>\n<p>\u201dJag tillbakavisar att det skulle utg\u00f6ra f\u00f6rtal. Dokument\u00e4ren kommer inte att avpubliceras\u201d, skriver han i ett meddelande. <\/p>\n<p>\u201dHatet\u201d s\u00e4nds i tre delar.<\/p>\n","protected":false},"excerpt":{"rendered":"I den f\u00f6rsta delen av SVT-dokument\u00e4ren \u201dHatet\u201d framtr\u00e4der Joakim Lundells mamma, som han i en uppm\u00e4rksammad sj\u00e4lvbiografi, tv-serier&hellip;\n","protected":false},"author":2,"featured_media":95515,"comment_status":"","ping_status":"","sticky":false,"template":"","format":"standard","meta":{"footnotes":""},"categories":[5],"tags":[22,23,26,27,17,21,24,25,28,29,15,16,18,34,31,33,32,30,19,20],"class_list":{"0":"post-95514","1":"post","2":"type-post","3":"status-publish","4":"format-standard","5":"has-post-thumbnail","7":"category-rubriker","8":"tag-breaking-news","9":"tag-breakingnews","10":"tag-featured-news","11":"tag-featurednews","12":"tag-headlines","13":"tag-huvudnyheter","14":"tag-latest-news","15":"tag-latestnews","16":"tag-main-news","17":"tag-mainnews","18":"tag-news","19":"tag-nyheter","20":"tag-rubriker","21":"tag-se","22":"tag-svenska","23":"tag-sverige","24":"tag-sweden","25":"tag-swedish","26":"tag-top-stories","27":"tag-topstories"},"share_on_mastodon":{"url":"https:\/\/pubeurope.com\/@se\/115651400392067054","error":""},"_links":{"self":[{"href":"https:\/\/www.europesays.com\/se\/wp-json\/wp\/v2\/posts\/95514","targetHints":{"allow":["GET"]}}],"collection":[{"href":"https:\/\/www.europesays.com\/se\/wp-json\/wp\/v2\/posts"}],"about":[{"href":"https:\/\/www.europesays.com\/se\/wp-json\/wp\/v2\/types\/post"}],"author":[{"embeddable":true,"href":"https:\/\/www.europesays.com\/se\/wp-json\/wp\/v2\/users\/2"}],"replies":[{"embeddable":true,"href":"https:\/\/www.europesays.com\/se\/wp-json\/wp\/v2\/comments?post=95514"}],"version-history":[{"count":0,"href":"https:\/\/www.europesays.com\/se\/wp-json\/wp\/v2\/posts\/95514\/revisions"}],"wp:featuredmedia":[{"embeddable":true,"href":"https:\/\/www.europesays.com\/se\/wp-json\/wp\/v2\/media\/95515"}],"wp:attachment":[{"href":"https:\/\/www.europesays.com\/se\/wp-json\/wp\/v2\/media?parent=95514"}],"wp:term":[{"taxonomy":"category","embeddable":true,"href":"https:\/\/www.europesays.com\/se\/wp-json\/wp\/v2\/categories?post=95514"},{"taxonomy":"post_tag","embeddable":true,"href":"https:\/\/www.europesays.com\/se\/wp-json\/wp\/v2\/tags?post=95514"}],"curies":[{"name":"wp","href":"https:\/\/api.w.org\/{rel}","templated":true}]}}