{"id":95520,"date":"2025-12-02T18:38:15","date_gmt":"2025-12-02T18:38:15","guid":{"rendered":"https:\/\/www.europesays.com\/se\/95520\/"},"modified":"2025-12-02T18:38:15","modified_gmt":"2025-12-02T18:38:15","slug":"lonespelet-darfor-sjunker-lararnas-loner","status":"publish","type":"post","link":"https:\/\/www.europesays.com\/se\/95520\/","title":{"rendered":"L\u00f6nespelet: D\u00e4rf\u00f6r sjunker l\u00e4rarnas l\u00f6ner"},"content":{"rendered":"<p>                                    <img decoding=\"async\" src=\"https:\/\/www.europesays.com\/se\/wp-content\/uploads\/2025\/12\/8bit-toppbild-b.jpg\" alt=\"\" loading=\"lazy\"\/><\/p>\n<p>                                    Foto: Fredrik \u00d6hlander<\/p>\n<p class=\"article-headerImageDescription\">Vi L\u00e4rare granskar spelet om l\u00e4rarnas l\u00f6ner.<\/p>\n<p class=\"article-preamble\">\n                        L\u00f6n<br \/>\n                        Trots politiska l\u00f6ften om satsningar p\u00e5 skolan forts\u00e4tter l\u00e4rarl\u00f6nerna att sjunka.<br \/>\u2013 Var en skola ligger har stor betydelse f\u00f6r hur mycket l\u00e4rarna tj\u00e4nar, s\u00e4ger Pontus B\u00e4ckstr\u00f6m som \u00e4r samh\u00e4lls\u00adpolitisk chef p\u00e5 Sveriges L\u00e4rare.\n                    <\/p>\n<p>                    <img loading=\"lazy\" decoding=\"async\" class=\"article-bylineImg\" src=\"https:\/\/www.europesays.com\/se\/wp-content\/uploads\/2025\/12\/mikael-bergling-svartvit.jpg\" width=\"100\" height=\"100\" alt=\"\"\/><\/p>\n<p>                        <a href=\"https:\/\/www.vilarare.se\/nyheter\/lararlon\/ny-statistik-darfor-sjunker-lararnas-loner\/mailto:redaktionen@vilarare.se\" rel=\"nofollow noopener\" target=\"_blank\">Mikael Bergling<\/a><\/p>\n<p>                        Idag 12:43<\/p>\n<p class=\"p1\">Efter att under m\u00e5nga \u00e5r ha krympt i f\u00f6rh\u00e5llande till genomsnittsl\u00f6nen p\u00e5 den svenska arbetsmarknaden b\u00f6rjade l\u00e4rarl\u00f6nerna \u00f6ka runt \u00e5r 2012, allts\u00e5 ungef\u00e4r samtidigt som l\u00e4rarlegitimationsreformen inf\u00f6rdes.<\/p>\n<p class=\"p3\">L\u00f6neutvecklingen fick extra fart av statliga satsningar som l\u00e4rarl\u00f6nelyftet och f\u00f6rstel\u00e4rarreformen.<\/p>\n<p class=\"p3\">\u2013 De kom till efter larm om svaga Pisa-resultat och rekommendation av OECD om att de svenska l\u00e4rarl\u00f6nerna beh\u00f6vde \u00f6ka, s\u00e4ger Pontus B\u00e4ckstr\u00f6m.<\/p>\n<p>Det h\u00e4r p\u00e5verkar l\u00f6nerna<\/p>\n<p class=\"p3\">Sedan 2020 har l\u00e4rarkollektivet haft en luguber l\u00f6neutveckling.<\/p>\n<p class=\"p3\">\u2013 En viktig f\u00f6rklaring \u00e4r kommunernas pressade ekonomiska l\u00e4ge beroende p\u00e5 bland annat pandemin, kriget i Ukraina och h\u00f6g inflation. En annan \u00e4r politiska prioriteringar. En stor del av skolans kostnader utg\u00f6rs av l\u00e4rarl\u00f6ner, s\u00e4ger Pontus B\u00e4ckstr\u00f6m.<\/p>\n<p class=\"p2\">Det \u00e4r inte bara l\u00e4rarnas relativa l\u00f6nel\u00e4ge som har f\u00f6rs\u00e4mrats under de senaste \u00e5ren. En genomsnittlig grundskoll\u00e4rare fick under perioden 2020\u20132024 se sin reall\u00f6n \u2013 allts\u00e5 l\u00f6nen efter avdrag f\u00f6r inflationen \u2013 minska med cirka 44 000 kronor per \u00e5r.<\/p>\n<p>                            <img decoding=\"async\" src=\"https:\/\/www.europesays.com\/se\/wp-content\/uploads\/2025\/12\/pontus-backstrom-bred.jpg\" alt=\"Pontus B\u00e4ckstr\u00f6m, Sveriges L\u00e4rares samh\u00e4llspolitiske chef.\" loading=\"lazy\"\/><\/p>\n<p>                            Foto: Sven Jansson<\/p>\n<p class=\"article-contentImageDescription\">Pontus B\u00e4ckstr\u00f6m, Sveriges L\u00e4rares samh\u00e4llspolitiske chef.<\/p>\n<p class=\"p3\">En genomg\u00e5ng av aktuell l\u00f6nestatistik visar \u00e4ven p\u00e5 betydande skillnader mellan olika l\u00e4rargrupper. N\u00e5gra exempel:<\/p>\n<ul>\n<li class=\"p3\">I botten hamnar l\u00e4rare i kulturskolan och modersm\u00e5lsl\u00e4rare, i toppen speciall\u00e4rare och specialpedagoger.<\/li>\n<li class=\"p3\">L\u00e4rare i storst\u00e4der och s\u00e5 kallat storstadsn\u00e4ra kommuner tj\u00e4nar i allm\u00e4nhet mer \u00e4n l\u00e4rare i mindre st\u00e4der, t\u00e4torter och landsbygdskommuner.<\/li>\n<li class=\"p3\">Enligt statistisk analys leder en procent friskoleelever (grundskolan) i en kommun till att snittl\u00f6nen f\u00f6r de kommunalt anst\u00e4llda l\u00e4rarna i samma kommun \u00f6kar med 58 kronor i m\u00e5naden (2024). 20 procent friskole\u00adelever motsvarar 1\u00a0160 kronor h\u00f6gre snittl\u00f6n. <\/li>\n<li class=\"p3\">1\u00a0000 kronor h\u00f6gre skattekraft per kommuninv\u00e5nare inneb\u00e4r 28 kronor h\u00f6gre medell\u00f6n per m\u00e5nad f\u00f6r de kommunalt anst\u00e4llda l\u00e4rarna.\u00a0<\/li>\n<li class=\"p3\">Mest tj\u00e4nar l\u00e4rarna i Stockholmsregionen. Snittl\u00f6nen f\u00f6r en kommunalt anst\u00e4lld h\u00f6gstadiel\u00e4rare i Stockholms l\u00e4n var i fjol 47 600 kronor i m\u00e5naden (enligt partsgemensam statistik). P\u00e5 Gotland var motsvarande snittl\u00f6n n\u00e4stan 7 500 kronor l\u00e4gre.<\/li>\n<li class=\"p3\">Men i f\u00f6rh\u00e5llande till respektive l\u00e4ns skattekraft per inv\u00e5nare var Stockholmsl\u00e4rarnas snittl\u00f6ner l\u00e4gst i landet, vilket bland annat kan f\u00f6rklaras av den relativt stora andelen h\u00f6ginkomsttagare i huvudstadsregionen.<\/li>\n<\/ul>\n<p class=\"p3\">\u2013 Var i Sverige en skola ligger geografiskt har stor betydelse f\u00f6r l\u00e4rarnas l\u00f6ner. Detsamma g\u00e4ller elevernas \u00e5lder, l\u00e4rarnas eventuella l\u00f6netill\u00e4gg, pendlingsm\u00f6jligheter, yrkeserfarenhet, antalet alternativa arbetsgivare i n\u00e4rheten och om skolan \u00e4r privat eller offentligt driven, s\u00e4ger Pontus B\u00e4ckstr\u00f6m.<\/p>\n<p>Lojalitet ger s\u00e4mre l\u00f6n<\/p>\n<p class=\"p3\">\u2013 Ju \u00e4ldre barnen eller eleverna \u00e4r, desto mer tj\u00e4nar l\u00e4rarna. Lojalitet, allts\u00e5 hur l\u00e4nge en l\u00e4rare har arbetat p\u00e5 samma skola, har \u00e5 andra sidan motsatt effekt p\u00e5 l\u00f6nen. Detta trots att vi vet att personaloms\u00e4ttningen har betydelse f\u00f6r elevernas resultat.<\/p>\n<p class=\"p2\">En analys gjord av Sveriges L\u00e4rare visar att varje \u00e5r en l\u00e4rare \u00e4r kvar hos samma arbetsgivare sjunker hens relativa m\u00e5nadsl\u00f6n med 65 kronor \u2013 eller 780 kronor per \u00e5r \u2013 j\u00e4mf\u00f6rt med nyanst\u00e4lldas.\u00a0<\/p>\n<p class=\"p3\">\u2013 \u00d6ver tid blir det mycket pengar. Det \u00e4r dessutom vanligt att l\u00e4rare stannar m\u00e5nga \u00e5r p\u00e5 samma skola, s\u00e4ger Pontus B\u00e4ckstr\u00f6m.<\/p>\n<p class=\"p5\">Vilken betydelse har undervisnings\u00e4mnet f\u00f6r l\u00f6nen?<\/p>\n<p class=\"p3\">\u2013 En del. Matematik- och NO-l\u00e4rare tj\u00e4nar i allm\u00e4nhet lite mer \u00e4n \u00f6vriga.<\/p>\n<p>L\u00e4rare i friskolor tj\u00e4nar mindre<\/p>\n<p class=\"p2\">Som tabellerna p\u00e5 sidorna 11\u201313 visar har kommunalt anst\u00e4llda l\u00e4rare i allm\u00e4nhet h\u00f6gre l\u00f6n \u00e4n sina privat anst\u00e4llda kollegor. Tabellerna tar dock inte h\u00e4nsyn till bakgrundsfaktorer som genomsnitts\u00e5lder, yrkeserfarenhet och liknande.<\/p>\n<p class=\"p3\">Men \u00e4ven efter att h\u00e4nsyn tagits till dessa och andra variabler kvarst\u00e5r skillnaderna, om \u00e4n p\u00e5 en l\u00e4gre niv\u00e5.<\/p>\n<p class=\"p3\">I fjol tj\u00e4nade exempelvis grundskole- och gymnasie\u00adl\u00e4rare p\u00e5 vinstdrivande friskolor i genomsnitt 1 100 kronor mindre i m\u00e5naden \u00e4n sina kollegor p\u00e5 kommunala skolor.<\/p>\n<p class=\"p3\">L\u00e4rare p\u00e5 icke-vinstdrivande friskolor tj\u00e4nade i genomsnitt 800 respektive 500 kronor mindre. Motsvarande resultat syns inte i f\u00f6rskolan.<\/p>\n<p>        L\u00e4s hela granskningen av spelet om l\u00e4rarnas l\u00f6ner<\/p>\n","protected":false},"excerpt":{"rendered":"Foto: Fredrik \u00d6hlander Vi L\u00e4rare granskar spelet om l\u00e4rarnas l\u00f6ner. L\u00f6n Trots politiska l\u00f6ften om satsningar p\u00e5 skolan&hellip;\n","protected":false},"author":2,"featured_media":95521,"comment_status":"","ping_status":"","sticky":false,"template":"","format":"standard","meta":{"footnotes":""},"categories":[5],"tags":[22,23,26,27,17,21,24,25,28,29,15,16,18,34,31,33,32,30,19,20],"class_list":{"0":"post-95520","1":"post","2":"type-post","3":"status-publish","4":"format-standard","5":"has-post-thumbnail","7":"category-rubriker","8":"tag-breaking-news","9":"tag-breakingnews","10":"tag-featured-news","11":"tag-featurednews","12":"tag-headlines","13":"tag-huvudnyheter","14":"tag-latest-news","15":"tag-latestnews","16":"tag-main-news","17":"tag-mainnews","18":"tag-news","19":"tag-nyheter","20":"tag-rubriker","21":"tag-se","22":"tag-svenska","23":"tag-sverige","24":"tag-sweden","25":"tag-swedish","26":"tag-top-stories","27":"tag-topstories"},"share_on_mastodon":{"url":"https:\/\/pubeurope.com\/@se\/115651432002671444","error":""},"_links":{"self":[{"href":"https:\/\/www.europesays.com\/se\/wp-json\/wp\/v2\/posts\/95520","targetHints":{"allow":["GET"]}}],"collection":[{"href":"https:\/\/www.europesays.com\/se\/wp-json\/wp\/v2\/posts"}],"about":[{"href":"https:\/\/www.europesays.com\/se\/wp-json\/wp\/v2\/types\/post"}],"author":[{"embeddable":true,"href":"https:\/\/www.europesays.com\/se\/wp-json\/wp\/v2\/users\/2"}],"replies":[{"embeddable":true,"href":"https:\/\/www.europesays.com\/se\/wp-json\/wp\/v2\/comments?post=95520"}],"version-history":[{"count":0,"href":"https:\/\/www.europesays.com\/se\/wp-json\/wp\/v2\/posts\/95520\/revisions"}],"wp:featuredmedia":[{"embeddable":true,"href":"https:\/\/www.europesays.com\/se\/wp-json\/wp\/v2\/media\/95521"}],"wp:attachment":[{"href":"https:\/\/www.europesays.com\/se\/wp-json\/wp\/v2\/media?parent=95520"}],"wp:term":[{"taxonomy":"category","embeddable":true,"href":"https:\/\/www.europesays.com\/se\/wp-json\/wp\/v2\/categories?post=95520"},{"taxonomy":"post_tag","embeddable":true,"href":"https:\/\/www.europesays.com\/se\/wp-json\/wp\/v2\/tags?post=95520"}],"curies":[{"name":"wp","href":"https:\/\/api.w.org\/{rel}","templated":true}]}}