{"id":95524,"date":"2025-12-02T18:45:08","date_gmt":"2025-12-02T18:45:08","guid":{"rendered":"https:\/\/www.europesays.com\/se\/95524\/"},"modified":"2025-12-02T18:45:08","modified_gmt":"2025-12-02T18:45:08","slug":"chef-pa-bb-atalas-saknade-legitimation-och-stal-preparat","status":"publish","type":"post","link":"https:\/\/www.europesays.com\/se\/95524\/","title":{"rendered":"Chef p\u00e5 BB \u00e5talas \u2013 saknade legitimation och stal preparat"},"content":{"rendered":"<p>Brottet ska ha beg\u00e5tts under 2023 och 2024 n\u00e4r kvinnan var chef f\u00f6r mottagningen.<\/p>\n<p>Barnmorska \u00e4r en skyddad titel och det framg\u00e5r i polisens f\u00f6runders\u00f6kningsprotokoll att det kr\u00e4vdes legitimation f\u00f6r chefstj\u00e4nsten n\u00e4r den utlystes.<\/p>\n<p><strong>Det uppdagades av Socialstyrelsen<\/strong> n\u00e4r kvinnan skulle bevilja handledning av en barnmorska p\u00e5 mottagningen. Den misst\u00e4nkta kvinnan hade utbildning, men hade aldrig h\u00e4mtat ut legitimationen fr\u00e5n Socialstyrelsen.<\/p>\n<p>I f\u00f6rh\u00f6r ber\u00e4ttar kvinnan att hon trodde att hon hade legitimation och att det var en \u201dtotal chock\u201d. Hon sade \u00e4ven \u00e4r det chefens ansvar att \u201dkolla att allt \u00e4r i sin ordning innan man blir placerad\u201d, enligt polisens f\u00f6runders\u00f6kningsprotokoll.<\/p>\n<p>Under sin tid som chef misst\u00e4nks hon \u00e4ven f\u00f6r att ha stulit narkotikaklassade preparat fr\u00e5n sjukhuset \u2013 f\u00f6r eget bruk.<\/p>\n<p>St\u00f6lden uppt\u00e4cktes av kollegor som m\u00e4rkte att det saknades askar fr\u00e5n narkotikask\u00e5pet, enligt polisens f\u00f6runders\u00f6kningsprotokoll.<\/p>\n<p>Det inleddes en internutredning som visade att det f\u00f6rsvunnit preparat fr\u00e5n sk\u00e5pet vid tolv tillf\u00e4llen. D\u00e5 den kvinnliga chefen kunde kopplas till de flesta fallen uppr\u00e4ttades en polisanm\u00e4lan. I f\u00f6rh\u00f6r s\u00e4ger kvinnan att hon aldrig tagit n\u00e5got ur sk\u00e5pet och att hon enbart \u00f6ppnat det n\u00e4r medarbetare beh\u00f6vde hj\u00e4lp med att exempelvis r\u00e4kna l\u00e4kemedel.<\/p>\n<p><strong>Nu \u00e5talas hon<\/strong> f\u00f6r brott mot patients\u00e4kerhetslagen, grov st\u00f6ld och narkotikabrott.<\/p>\n<p>Enligt Fredrika Svensson, kammar\u00e5klagare som leder utredningen, har kvinnan beg\u00e5tt brotten med upps\u00e5t. Det finns inget exakt fastst\u00e4llt belopp f\u00f6r hur mycket det stulna preparatet kostat, men enligt Svensson \u00e4r det inte ett ringa v\u00e4rde.<\/p>\n<p>\u2013 Jag anser att brottet har beg\u00e5tts systematiskt d\u00e4r hon har utnyttjat sin roll som chef, s\u00e4ger Fredrika Svensson.<\/p>\n<p>Kvinnan har avslutat sin anst\u00e4llning p\u00e5 sjukhuset. Hon nekar till brott.<\/p>\n","protected":false},"excerpt":{"rendered":"Brottet ska ha beg\u00e5tts under 2023 och 2024 n\u00e4r kvinnan var chef f\u00f6r mottagningen. Barnmorska \u00e4r en skyddad&hellip;\n","protected":false},"author":2,"featured_media":95525,"comment_status":"","ping_status":"","sticky":false,"template":"","format":"standard","meta":{"footnotes":""},"categories":[12],"tags":[22,23,26,27,17,21,24,25,28,29,15,16,18,34,31,33,32,30,19,20],"class_list":{"0":"post-95524","1":"post","2":"type-post","3":"status-publish","4":"format-standard","5":"has-post-thumbnail","7":"category-sverige","8":"tag-breaking-news","9":"tag-breakingnews","10":"tag-featured-news","11":"tag-featurednews","12":"tag-headlines","13":"tag-huvudnyheter","14":"tag-latest-news","15":"tag-latestnews","16":"tag-main-news","17":"tag-mainnews","18":"tag-news","19":"tag-nyheter","20":"tag-rubriker","21":"tag-se","22":"tag-svenska","23":"tag-sverige","24":"tag-sweden","25":"tag-swedish","26":"tag-top-stories","27":"tag-topstories"},"share_on_mastodon":{"url":"https:\/\/pubeurope.com\/@se\/115651459467029684","error":""},"_links":{"self":[{"href":"https:\/\/www.europesays.com\/se\/wp-json\/wp\/v2\/posts\/95524","targetHints":{"allow":["GET"]}}],"collection":[{"href":"https:\/\/www.europesays.com\/se\/wp-json\/wp\/v2\/posts"}],"about":[{"href":"https:\/\/www.europesays.com\/se\/wp-json\/wp\/v2\/types\/post"}],"author":[{"embeddable":true,"href":"https:\/\/www.europesays.com\/se\/wp-json\/wp\/v2\/users\/2"}],"replies":[{"embeddable":true,"href":"https:\/\/www.europesays.com\/se\/wp-json\/wp\/v2\/comments?post=95524"}],"version-history":[{"count":0,"href":"https:\/\/www.europesays.com\/se\/wp-json\/wp\/v2\/posts\/95524\/revisions"}],"wp:featuredmedia":[{"embeddable":true,"href":"https:\/\/www.europesays.com\/se\/wp-json\/wp\/v2\/media\/95525"}],"wp:attachment":[{"href":"https:\/\/www.europesays.com\/se\/wp-json\/wp\/v2\/media?parent=95524"}],"wp:term":[{"taxonomy":"category","embeddable":true,"href":"https:\/\/www.europesays.com\/se\/wp-json\/wp\/v2\/categories?post=95524"},{"taxonomy":"post_tag","embeddable":true,"href":"https:\/\/www.europesays.com\/se\/wp-json\/wp\/v2\/tags?post=95524"}],"curies":[{"name":"wp","href":"https:\/\/api.w.org\/{rel}","templated":true}]}}