{"id":95557,"date":"2025-12-02T19:11:26","date_gmt":"2025-12-02T19:11:26","guid":{"rendered":"https:\/\/www.europesays.com\/se\/95557\/"},"modified":"2025-12-02T19:11:26","modified_gmt":"2025-12-02T19:11:26","slug":"pinsamma-missen-nar-ahman-och-hellvig-fick-bragdguldet-sport","status":"publish","type":"post","link":"https:\/\/www.europesays.com\/se\/95557\/","title":{"rendered":"Pinsamma missen n\u00e4r \u00c5hman och Hellvig fick Bragdguldet | Sport"},"content":{"rendered":"<p>Publicerad 2 dec 2025 kl 14.37Uppdaterad kl 14.57<\/p>\n<p>Det beskrivs som det sv\u00e5raste valet p\u00e5 flera \u00e5r.\u00a0<\/p>\n<p>N\u00e4r David \u00c5hman och Jonas Hellvig vann Bragdguldet.<\/p>\n<p>\u2013 Det hade ju varit bra att ha n\u00e5gon som dubbelkollar att det blir r\u00e4tt, s\u00e4ger Jonatan Hellvig.<\/p>\n<p><img loading=\"lazy\"   alt=\"\"\/>\u00d6ppna bild i helsk\u00e4rm<img loading=\"lazy\"   alt=\"\"\/> <\/p>\n<p>Foto: MELI PETERSSON ELLAFI \/ BILDBYR\u00c5N<\/p>\n<p>\u00d6ppna bild i helsk\u00e4rm<\/p>\n<p>Ni l\u00e4ste r\u00e4tt.\u00a0<\/p>\n<p>Det gjorde inte Svenska Dagbladet \u2013 n\u00e4r de r\u00e5kade ut f\u00f6r en olycklig namnmiss under Bragdguldsceremonin.<\/p>\n<p>P\u00e5 en v\u00e4rldskarta visades att golfspelaren Maja Stark var i Nashville. L\u00e4ngdlandslaget var i \u00d6sterund. Beachvolleyspelaren Jonas Hellvig satt i Huddinge.\u00a0<\/p>\n<p>Anders Lindblad, sekreterare i Bragdn\u00e4mnden, beklagar namnmissen till <a href=\"https:\/\/www.expressen.se\/tagg\/person\/jonatan-hellvig\/\" class=\"\" rel=\"nofollow noopener\" target=\"_blank\">Jonatan Hellvig<\/a>. Vad som f\u00f6ranledde missen har han inte n\u00e5got rakt svar p\u00e5.<\/p>\n<p>\u2013 Ojd\u00e5. Det vet jag tyv\u00e4rr inte. Jag skyller ifr\u00e5n mig med att jag inte varit inblandad i just den delen. Men det kanske s\u00e4ger n\u00e5got om att de inte \u00e4r s\u00e5 k\u00e4nda som Frida Karlsson eller Ebba Andersson. F\u00f6rhoppningsvis blir det r\u00e4ttstavat fram\u00f6ver, s\u00e4ger han.<\/p>\n<p>Jonatan Hellvig tar det hela med en klackspark.<\/p>\n<p>\u2013 De verkar haft det lite stressigt d\u00e4r med kartan. Det hade ju varit bra att ha n\u00e5gon som dubbelkollar att det blir r\u00e4tt, s\u00e4ger han.\u00a0<\/p>\n<p>Hettade till i juryrummet: \u201dP\u00e5 ett s\u00e4tt jag gillar\u201d<\/p>\n<p>Jonatan Hellvig och David \u00c5hmans VM-guld i slutet av november f\u00e4llde avg\u00f6randet till Bragdguldet 2025 \u2013 som beskrivs som j\u00e4mnare \u00e4n p\u00e5 l\u00e4nge.<\/p>\n<p>Flera jurymedlemmar vittnar om tuffa f\u00f6rhandlingar vid sammantr\u00e4det.<\/p>\n<p>\u2013 I \u00e5r var det l\u00e4ngre diskussioner \u00e4n normalt, s\u00e4ger Tomas Brolin.\u00a0<\/p>\n<p><strong>Hur gick diskussionerna? Hettade det till?\u00a0<\/strong><\/p>\n<p>\u2013 Vi \u00e4r ganska vuxna d\u00e4r. Hettar till g\u00f6r det inte. Men det \u00e4r bra diskussioner d\u00e4r man lyfter saker som man inte alltid har koll p\u00e5.\u00a0<\/p>\n<p>Anders Lindblad \u00e4r inte av samma \u00e5sikt.<\/p>\n<p>\u2013 Det hettade till. Men p\u00e5 ett s\u00e4tt jag gillar. Alla m\u00e5ste f\u00e5 s\u00e4ga sin \u00e5sikt. Vi sitter d\u00e4r f\u00f6r att verkligen ta fram den b\u00e4sta vinnaren.\u00a0<\/p>\n<p>Charlotte Kalla tar vid:<\/p>\n<p>\u2013 De flesta, \u00e4ven jag, var beredd p\u00e5 att det skulle bli v\u00e4ldigt tufft och sv\u00e5rt att v\u00e4ga prestationer mot varandra. Det var l\u00e5nga rundor med pl\u00e4deringar i dag.\u00a0<\/p>\n","protected":false},"excerpt":{"rendered":"Publicerad 2 dec 2025 kl 14.37Uppdaterad kl 14.57 Det beskrivs som det sv\u00e5raste valet p\u00e5 flera \u00e5r.\u00a0 N\u00e4r&hellip;\n","protected":false},"author":2,"featured_media":95558,"comment_status":"","ping_status":"","sticky":false,"template":"","format":"standard","meta":{"footnotes":""},"categories":[5],"tags":[22,23,26,27,17,21,24,25,28,29,15,16,11299,9707,9708,18,34,31,33,32,30,19,20],"class_list":{"0":"post-95557","1":"post","2":"type-post","3":"status-publish","4":"format-standard","5":"has-post-thumbnail","7":"category-rubriker","8":"tag-breaking-news","9":"tag-breakingnews","10":"tag-featured-news","11":"tag-featurednews","12":"tag-headlines","13":"tag-huvudnyheter","14":"tag-latest-news","15":"tag-latestnews","16":"tag-main-news","17":"tag-mainnews","18":"tag-news","19":"tag-nyheter","20":"tag-organization-bragdguldet","21":"tag-person-david-ahman","22":"tag-person-jonatan-hellvig","23":"tag-rubriker","24":"tag-se","25":"tag-svenska","26":"tag-sverige","27":"tag-sweden","28":"tag-swedish","29":"tag-top-stories","30":"tag-topstories"},"share_on_mastodon":{"url":"https:\/\/pubeurope.com\/@se\/115651561628148511","error":""},"_links":{"self":[{"href":"https:\/\/www.europesays.com\/se\/wp-json\/wp\/v2\/posts\/95557","targetHints":{"allow":["GET"]}}],"collection":[{"href":"https:\/\/www.europesays.com\/se\/wp-json\/wp\/v2\/posts"}],"about":[{"href":"https:\/\/www.europesays.com\/se\/wp-json\/wp\/v2\/types\/post"}],"author":[{"embeddable":true,"href":"https:\/\/www.europesays.com\/se\/wp-json\/wp\/v2\/users\/2"}],"replies":[{"embeddable":true,"href":"https:\/\/www.europesays.com\/se\/wp-json\/wp\/v2\/comments?post=95557"}],"version-history":[{"count":0,"href":"https:\/\/www.europesays.com\/se\/wp-json\/wp\/v2\/posts\/95557\/revisions"}],"wp:featuredmedia":[{"embeddable":true,"href":"https:\/\/www.europesays.com\/se\/wp-json\/wp\/v2\/media\/95558"}],"wp:attachment":[{"href":"https:\/\/www.europesays.com\/se\/wp-json\/wp\/v2\/media?parent=95557"}],"wp:term":[{"taxonomy":"category","embeddable":true,"href":"https:\/\/www.europesays.com\/se\/wp-json\/wp\/v2\/categories?post=95557"},{"taxonomy":"post_tag","embeddable":true,"href":"https:\/\/www.europesays.com\/se\/wp-json\/wp\/v2\/tags?post=95557"}],"curies":[{"name":"wp","href":"https:\/\/api.w.org\/{rel}","templated":true}]}}