{"id":95561,"date":"2025-12-02T19:15:19","date_gmt":"2025-12-02T19:15:19","guid":{"rendered":"https:\/\/www.europesays.com\/se\/95561\/"},"modified":"2025-12-02T19:15:19","modified_gmt":"2025-12-02T19:15:19","slug":"sony-a7-v-33-megapixel-och-45x-snabbare-sensor","status":"publish","type":"post","link":"https:\/\/www.europesays.com\/se\/95561\/","title":{"rendered":"Sony A7 V \u2013 33 megapixel och 4,5x snabbare sensor"},"content":{"rendered":"<p>                          Prylnytt<\/p>\n<p class=\"articleingress\">Efter fyra \u00e5r \u00e4r det dags f\u00f6r Sony A7 V att eftertr\u00e4da <a href=\"https:\/\/www.fotosidan.se\/prylar\/kameror\/digitala-systemkameror\/sony\/sony-a7-iv_29002\" rel=\"nofollow noopener\" target=\"_blank\">Sony A7 IV<\/a>. De har b\u00e5da 33 megapixel, men sensorn i A7 V \u00e4r helt ny med 4,5 g\u00e5nger snabbare datautl\u00e4sning. Det ger en l\u00e5ng rad f\u00f6rdelar.<\/p>\n<p><strong>Den nya sensorn \u00e4r semistackad<\/strong> (precis som sensorn i <a href=\"https:\/\/www.fotosidan.se\/prylar\/kameror\/digitala-systemkameror\/nikon\/nikon-z6-iii_29459\" rel=\"nofollow noopener\" target=\"_blank\">Nikon Z6 III<\/a>) vilket m\u00f6jligg\u00f6r den snabbare datautl\u00e4sningen. Sony A7 V har dessutom f\u00e5tt en ny snabbare processor som heter Bionz XR2.<\/p>\n<p>Trots att den nya sensorn \u00e4r betydligt snabbare s\u00e5 \u00e4r den inte s\u00e5 pass snabb att det g\u00e5r att fotografera med blixt med elektronisk slutare. F\u00f6r det kan beh\u00f6vas en helt stackad sensor.<\/p>\n<p>Nackdelen med stackade sensorer brukar vara att mindre dynamiskt omf\u00e5ng, men inte i det h\u00e4r fallet. Sony utlovar \u00f6kat dynamiskt omf\u00e5ng till hela 16 steg!<\/p>\n<p>Kombinationen av snabbare sensor och processor g\u00f6r att autofokusen kan bli snabbare, exaktare och mer effektiv. Sensorn avl\u00e4ses 60 g\u00e5nger per sekund f\u00f6r att ge data till autofokusen.<\/p>\n<p>Den nya autofokusen i Sony A7 V kan k\u00e4nna igen flera olika motiv som flyg, bilar och insekter. Den kan ocks\u00e5 r\u00e4kna ut hur m\u00e4nniskor ska r\u00f6ra sig, komma ih\u00e5g ansikten som ska prioriteras och v\u00e4lja vilken del av djur som ska prioriteras av autofokusen.<\/p>\n<p><a href=\"https:\/\/www.europesays.com\/se\/wp-content\/uploads\/2025\/12\/950245.jpg\" rel=\"lightbox\"><img decoding=\"async\" src=\"https:\/\/www.europesays.com\/se\/wp-content\/uploads\/2025\/12\/950245.jpg\" alt=\"\" rel=\"lightbox\" class=\"lightbox\" data-cli=\"DocumentPart-950245\"\/><\/a><\/p>\n<p>30 bilder per sekund<\/p>\n<p>Den snabbare datautl\u00e4sningen m\u00f6jligg\u00f6r ocks\u00e5 fotografering med 30 bilder per sekund i r\u00e5format med elektronisk slutare. F\u00f6rekomsten av r\u00f6relsef\u00f6rvr\u00e4ngning (rolling shutter) med elektronisk slutare \u00e4r kraftigt reduceras. Kortaste slutartid med elektronisk slutare \u00e4r 1\/16 000 sekund.<\/p>\n<p>Sony A7 V och ocks\u00e5 f\u00e5tt pre-capture s\u00e5 att \u00f6gonblick som intr\u00e4ffat 0,3 till 1,0 sekund innan avtryckaren pressas ned lagras. En bra funktion om man ska fotografera f\u00e5glar som lyfter fr\u00e5n en gren.<\/p>\n<p>Med mekanisk slutare kan man ta 10 bilder per sekund.<\/p>\n<p>Den extra datorkraften anv\u00e4nds bland annat f\u00f6r b\u00e4ttre vitbalansering. Kameran kan k\u00e4nna igen fler motiv och kan exempelvis f\u00f6rst\u00e5 att gr\u00f6nska inte i gr\u00f6nstick som ska kompenseras med magenta.<\/p>\n<p>Bildstabiliseringen (IBIS) har f\u00f6rb\u00e4ttrats och klarar nu upp till 7,5 steg i bildens mitt och 6,5 steg i h\u00f6rnen.<\/p>\n<p>Nytt \u00e4r ocks\u00e5 \u00e4r att alla r\u00e5formatsvarianter \u00e4r 14 bitar och att det bland annat finns ett l\u00e4ge f\u00f6r f\u00f6rlustfri komprimering.<\/p>\n<p>Oversamplad 4K\/60p med full sensorbredd<\/p>\n<p>\u00c4ven f\u00f6r videofilmning bjuder Sony A7 V p\u00e5 rej\u00e4la f\u00f6rb\u00e4ttringar. Det g\u00e5r att filma i 4K\/60p med full sensorbredd. Bilden nedsamplas fr\u00e5n 7K till 4K. Det g\u00e5r ocks\u00e5 att filma i 4K\/120p med lite besk\u00e4rning.\u00a0<\/p>\n<p>Ljud kan lagras i 24-bitar i 4-kanaler. Kameran \u00e4r b\u00e4ttre p\u00e5 att hantera v\u00e4rme och kan filma 6 g\u00e5nger l\u00e4ngre tid i 40-gradig v\u00e4rme.<\/p>\n<p><a href=\"https:\/\/www.europesays.com\/se\/wp-content\/uploads\/2025\/12\/950235.jpg\" rel=\"lightbox\"><img decoding=\"async\" src=\"https:\/\/www.europesays.com\/se\/wp-content\/uploads\/2025\/12\/950235.jpg\" alt=\"\" rel=\"lightbox\" class=\"lightbox\" data-cli=\"DocumentPart-950235\"\/><\/a><\/p>\n<p>Kamerans grepp har f\u00f6rb\u00e4ttrats n\u00e5got och kameran har en sk\u00e4rm som kan vridas i 4 led. Kamerahuset har dubbla USB-C-kontakter och en fullstor HDMI-port.<\/p>\n<p>Sony har ocks\u00e5 lyckats f\u00f6rb\u00e4ttra batterikapaciteten till 630 bilder med s\u00f6kare och 750 bilder med sk\u00e4rm. \u00c4ven wifi-kapaciteten har uppgraderats.<\/p>\n<p>Sony A7 V b\u00f6rjar s\u00e4ljas den 2 december 2025 och riktpriset \u00e4r 35 000 kronor inklusive moms.<\/p>\n<p>      \t\t\t<img decoding=\"async\" src=\"https:\/\/www.europesays.com\/se\/wp-content\/uploads\/2025\/08\/f2117752c045dc283223ad728e8d8f03.jpg\" border=\"0\" alt=\"\"\/>\t\t\t\t<\/p>\n<p>Publicerad 2025-12-02. <\/p>\n","protected":false},"excerpt":{"rendered":"Prylnytt Efter fyra \u00e5r \u00e4r det dags f\u00f6r Sony A7 V att eftertr\u00e4da Sony A7 IV. De har&hellip;\n","protected":false},"author":2,"featured_media":95562,"comment_status":"","ping_status":"","sticky":false,"template":"","format":"standard","meta":{"footnotes":""},"categories":[66],"tags":[1172,80,78,79,34,1268,5919,6614,6615,31,33,32,30,5920,81,84,83,82],"class_list":{"0":"post-95561","1":"post","2":"type-post","3":"status-publish","4":"format-standard","5":"has-post-thumbnail","7":"category-vetenskap-och-teknik","8":"tag-proffsfoto","9":"tag-science","10":"tag-science-and-technology","11":"tag-scienceandtechnology","12":"tag-se","13":"tag-sony","14":"tag-spegelfri","15":"tag-spegelfritt","16":"tag-spegellos","17":"tag-svenska","18":"tag-sverige","19":"tag-sweden","20":"tag-swedish","21":"tag-systemkameror","22":"tag-technology","23":"tag-teknik","24":"tag-vetenskap","25":"tag-vetenskapteknik"},"share_on_mastodon":{"url":"https:\/\/pubeurope.com\/@se\/115651577631094177","error":""},"_links":{"self":[{"href":"https:\/\/www.europesays.com\/se\/wp-json\/wp\/v2\/posts\/95561","targetHints":{"allow":["GET"]}}],"collection":[{"href":"https:\/\/www.europesays.com\/se\/wp-json\/wp\/v2\/posts"}],"about":[{"href":"https:\/\/www.europesays.com\/se\/wp-json\/wp\/v2\/types\/post"}],"author":[{"embeddable":true,"href":"https:\/\/www.europesays.com\/se\/wp-json\/wp\/v2\/users\/2"}],"replies":[{"embeddable":true,"href":"https:\/\/www.europesays.com\/se\/wp-json\/wp\/v2\/comments?post=95561"}],"version-history":[{"count":0,"href":"https:\/\/www.europesays.com\/se\/wp-json\/wp\/v2\/posts\/95561\/revisions"}],"wp:featuredmedia":[{"embeddable":true,"href":"https:\/\/www.europesays.com\/se\/wp-json\/wp\/v2\/media\/95562"}],"wp:attachment":[{"href":"https:\/\/www.europesays.com\/se\/wp-json\/wp\/v2\/media?parent=95561"}],"wp:term":[{"taxonomy":"category","embeddable":true,"href":"https:\/\/www.europesays.com\/se\/wp-json\/wp\/v2\/categories?post=95561"},{"taxonomy":"post_tag","embeddable":true,"href":"https:\/\/www.europesays.com\/se\/wp-json\/wp\/v2\/tags?post=95561"}],"curies":[{"name":"wp","href":"https:\/\/api.w.org\/{rel}","templated":true}]}}