{"id":95569,"date":"2025-12-02T19:21:13","date_gmt":"2025-12-02T19:21:13","guid":{"rendered":"https:\/\/www.europesays.com\/se\/95569\/"},"modified":"2025-12-02T19:21:13","modified_gmt":"2025-12-02T19:21:13","slug":"fotboll-klart-fc-kopenhamn-koper-in-sig-i-fc-rosengard","status":"publish","type":"post","link":"https:\/\/www.europesays.com\/se\/95569\/","title":{"rendered":"Fotboll: Klart: FC K\u00f6penhamn k\u00f6per in sig i FC Roseng\u00e5rd"},"content":{"rendered":"<p>Under g\u00e5rdagen stod det klart att <a href=\"https:\/\/www.svt.se\/sport\/fotboll\/klart-brittiskt-bolag-blir-delagare-i-fc-rosengard\" rel=\"nofollow noopener\" target=\"_blank\">ett brittiskt bolag k\u00f6per in sig i FC Roseng\u00e5rds damlag<\/a>, och att deras andel blir ungef\u00e4r 47 procent.<\/p>\n<p>Och bara dagen efter blev det klart att \u00e4ven herrlaget i division 1 f\u00e5r nya minoritets\u00e4gare. <\/p>\n<p>Danska Parken Sport &amp; Entertainment, som \u00e4ger den danska storklubben FC K\u00f6penhamn, k\u00f6per in sig i klubbens herrlag. <\/p>\n<p>\u2013 Det k\u00e4nns fantastiskt bra. Vi har otroligt stora m\u00f6jligheter att nu kunna bedriva en talangutveckling som \u00e4r unikt bra. Vi kommer jobba med de som \u00e4r b\u00e4st i hela Norden, och att f\u00e5 f\u00f6rm\u00e5nen att f\u00e5 jobba med FCK och s\u00e4tta deras tr\u00e4ningsmodell f\u00f6r alla v\u00e5ra ungdomar, det \u00e4r helt unikt, s\u00e4ger FC Roseng\u00e5rds ordf\u00f6rande H\u00e5kan Wifvesson.<\/p>\n<p>\u201dNu ska vi vara jordn\u00e4ra\u201d<\/p>\n<p>Investeringsbolaget startar, tillsammans med Roseng\u00e5rds redan befintliga sponsor Danir, ett nytt gemensamt bolag som kommer att inneha 49% av klubbens herrlag.<\/p>\n<p>\u2013 Nu ska vi vara jordn\u00e4ra. Vi ska ta f\u00f6rsta steget och jobba oss igenom Ettan och ta oss till Superettan. Och n\u00e4r vi v\u00e4l \u00e4r d\u00e4r ska vi s\u00e4tta nya ambitioner och ta oss mot allsvenskan, forts\u00e4tter Wifvesson. <\/p>\n<p>Innan aff\u00e4ren blir helt f\u00e4rdigst\u00e4lld beh\u00f6ver SvFF godk\u00e4nna den. <\/p>\n<p>Roseng\u00e5rd slutade p\u00e5 elfte plats i Ettan S\u00f6dra f\u00f6rra \u00e5ret. <\/p>\n","protected":false},"excerpt":{"rendered":"Under g\u00e5rdagen stod det klart att ett brittiskt bolag k\u00f6per in sig i FC Roseng\u00e5rds damlag, och att&hellip;\n","protected":false},"author":2,"featured_media":95570,"comment_status":"","ping_status":"","sticky":false,"template":"","format":"standard","meta":{"footnotes":""},"categories":[68],"tags":[34,111,110,31,33,32,30],"class_list":{"0":"post-95569","1":"post","2":"type-post","3":"status-publish","4":"format-standard","5":"has-post-thumbnail","7":"category-sport","8":"tag-se","9":"tag-sport","10":"tag-sports","11":"tag-svenska","12":"tag-sverige","13":"tag-sweden","14":"tag-swedish"},"share_on_mastodon":{"url":"https:\/\/pubeurope.com\/@se\/115651600996896606","error":""},"_links":{"self":[{"href":"https:\/\/www.europesays.com\/se\/wp-json\/wp\/v2\/posts\/95569","targetHints":{"allow":["GET"]}}],"collection":[{"href":"https:\/\/www.europesays.com\/se\/wp-json\/wp\/v2\/posts"}],"about":[{"href":"https:\/\/www.europesays.com\/se\/wp-json\/wp\/v2\/types\/post"}],"author":[{"embeddable":true,"href":"https:\/\/www.europesays.com\/se\/wp-json\/wp\/v2\/users\/2"}],"replies":[{"embeddable":true,"href":"https:\/\/www.europesays.com\/se\/wp-json\/wp\/v2\/comments?post=95569"}],"version-history":[{"count":0,"href":"https:\/\/www.europesays.com\/se\/wp-json\/wp\/v2\/posts\/95569\/revisions"}],"wp:featuredmedia":[{"embeddable":true,"href":"https:\/\/www.europesays.com\/se\/wp-json\/wp\/v2\/media\/95570"}],"wp:attachment":[{"href":"https:\/\/www.europesays.com\/se\/wp-json\/wp\/v2\/media?parent=95569"}],"wp:term":[{"taxonomy":"category","embeddable":true,"href":"https:\/\/www.europesays.com\/se\/wp-json\/wp\/v2\/categories?post=95569"},{"taxonomy":"post_tag","embeddable":true,"href":"https:\/\/www.europesays.com\/se\/wp-json\/wp\/v2\/tags?post=95569"}],"curies":[{"name":"wp","href":"https:\/\/api.w.org\/{rel}","templated":true}]}}