{"id":95579,"date":"2025-12-02T19:30:10","date_gmt":"2025-12-02T19:30:10","guid":{"rendered":"https:\/\/www.europesays.com\/se\/95579\/"},"modified":"2025-12-02T19:30:10","modified_gmt":"2025-12-02T19:30:10","slug":"miley-cyrus-och-maxx-morando-har-forlovat-sig","status":"publish","type":"post","link":"https:\/\/www.europesays.com\/se\/95579\/","title":{"rendered":"Miley Cyrus och Maxx Morando har f\u00f6rlovat sig"},"content":{"rendered":"<p>Publicerad 2 dec 2025 kl 19.38Uppdaterad kl 20.01<\/p>\n<p>Miley Cyrus och pojkv\u00e4nnen Maxx Morando har f\u00f6rlovat sig.\u00a0<\/p>\n<p>Paret d\u00f6k upp tillsammans till en filmpremi\u00e4r p\u00e5 m\u00e5ndagen \u2013 och p\u00e5 artistens hand syntes d\u00e5 en f\u00f6rlovningsring.\u00a0<\/p>\n<p><img   alt=\"\"\/><\/p>\n<p>Maxx Morando och Miley Cyrus.<\/p>\n<p>Foto: JILL CONNELLY \/ EPA<\/p>\n<p>\u00d6ppna bild i helsk\u00e4rm<img loading=\"lazy\"   alt=\"\"\/><\/p>\n<p>Paret har f\u00f6rlovat sig.<\/p>\n<p>Foto: CHRIS PIZZELLO \/ AP TT NYHETSBYR\u00c5N<\/p>\n<p>\u00d6ppna bild i helsk\u00e4rm<\/p>\n<p>I b\u00f6rjan av 2022 kunde flera k\u00e4llor till amerikanska tidningar bekr\u00e4fta att <a href=\"https:\/\/www.expressen.se\/tagg\/person\/miley-cyrus\/\" class=\"\" rel=\"nofollow noopener\" target=\"_blank\">Miley Cyrus<\/a>, 33, och trummisen Maxx Morando, 27, var ett par.<\/p>\n<p>Efter fyra \u00e5r tillsammans har de nu tagit n\u00e4sta steg.\u00a0<\/p>\n<p>Vid m\u00e5ndagens Hollywoodpremi\u00e4r av den nya \u201dAvatar\u201d-filmen syntes Miley Cyrus b\u00e4ra en f\u00f6rlovningsring p\u00e5 v\u00e4nster hand. Nu bekr\u00e4ftas f\u00f6rlovningen av k\u00e4llor med insyn, det skriver bland annat <a href=\"https:\/\/people.com\/miley-cyrus-engaged-to-musician-maxx-morando-11860211\" rel=\"nofollow noopener\" target=\"_blank\">People<\/a>.\u00a0<\/p>\n<p>S\u00e5 tr\u00e4ffades Cyrus och Morando<\/p>\n<p>I en intervju som Miley Cyrus gjorde med <a href=\"https:\/\/www.vogue.co.uk\/article\/miley-cyrus-british-vogue-interview\" rel=\"nofollow noopener\" target=\"_blank\">brittiska Vogue<\/a> i juni 2023 delade hon med sig av hur paret f\u00f6rst tr\u00e4ffades.\u00a0<\/p>\n<p>\u2013 Vi gick p\u00e5 en blind date, sa hon d\u00e5.\u00a0<\/p>\n<p>\u2013 \u00a0Eller ja, den var blind f\u00f6r mig, och inte direkt f\u00f6r honom. Jag t\u00e4nkte att \u201dDet v\u00e4rsta som kan h\u00e4nda \u00e4r att jag g\u00e5r d\u00e4rifr\u00e5n\u201d, sa hon vidare.\u00a0<\/p>\n<p>Miley Cyrus har ocks\u00e5 kommenterat \u00e5ldersskillnaden mellan henne och pojkv\u00e4nnen. Till <a href=\"https:\/\/www.harpersbazaar.com\/culture\/art-books-music\/a62870734\/miley-cyrus-new-music-interview-2024\/\" rel=\"nofollow noopener\" target=\"_blank\">Harpers Bazaar<\/a> har hon sagt att det fungerar eftersom de \u201dinte tar livet p\u00e5 f\u00f6r stort allvar\u201d.\u00a0<\/p>\n","protected":false},"excerpt":{"rendered":"Publicerad 2 dec 2025 kl 19.38Uppdaterad kl 20.01 Miley Cyrus och pojkv\u00e4nnen Maxx Morando har f\u00f6rlovat sig.\u00a0 Paret&hellip;\n","protected":false},"author":2,"featured_media":95580,"comment_status":"","ping_status":"","sticky":false,"template":"","format":"standard","meta":{"footnotes":""},"categories":[67],"tags":[104,11301,34,31,33,32,30,402,310,547,109,105],"class_list":{"0":"post-95579","1":"post","2":"type-post","3":"status-publish","4":"format-standard","5":"has-post-thumbnail","7":"category-underhallning","8":"tag-entertainment","9":"tag-person-miley-cyrus","10":"tag-se","11":"tag-svenska","12":"tag-sverige","13":"tag-sweden","14":"tag-swedish","15":"tag-topic-artister","16":"tag-topic-kandisar","17":"tag-topic-karlek-relationer","18":"tag-topic-skadespelare","19":"tag-underhallning"},"share_on_mastodon":{"url":"https:\/\/pubeurope.com\/@se\/115651636354606974","error":""},"_links":{"self":[{"href":"https:\/\/www.europesays.com\/se\/wp-json\/wp\/v2\/posts\/95579","targetHints":{"allow":["GET"]}}],"collection":[{"href":"https:\/\/www.europesays.com\/se\/wp-json\/wp\/v2\/posts"}],"about":[{"href":"https:\/\/www.europesays.com\/se\/wp-json\/wp\/v2\/types\/post"}],"author":[{"embeddable":true,"href":"https:\/\/www.europesays.com\/se\/wp-json\/wp\/v2\/users\/2"}],"replies":[{"embeddable":true,"href":"https:\/\/www.europesays.com\/se\/wp-json\/wp\/v2\/comments?post=95579"}],"version-history":[{"count":0,"href":"https:\/\/www.europesays.com\/se\/wp-json\/wp\/v2\/posts\/95579\/revisions"}],"wp:featuredmedia":[{"embeddable":true,"href":"https:\/\/www.europesays.com\/se\/wp-json\/wp\/v2\/media\/95580"}],"wp:attachment":[{"href":"https:\/\/www.europesays.com\/se\/wp-json\/wp\/v2\/media?parent=95579"}],"wp:term":[{"taxonomy":"category","embeddable":true,"href":"https:\/\/www.europesays.com\/se\/wp-json\/wp\/v2\/categories?post=95579"},{"taxonomy":"post_tag","embeddable":true,"href":"https:\/\/www.europesays.com\/se\/wp-json\/wp\/v2\/tags?post=95579"}],"curies":[{"name":"wp","href":"https:\/\/api.w.org\/{rel}","templated":true}]}}