{"id":95587,"date":"2025-12-02T19:35:29","date_gmt":"2025-12-02T19:35:29","guid":{"rendered":"https:\/\/www.europesays.com\/se\/95587\/"},"modified":"2025-12-02T19:35:29","modified_gmt":"2025-12-02T19:35:29","slug":"langdskidor-ryska-akare-far-tavla-i-varldscupen-under-neutral-flagg","status":"publish","type":"post","link":"https:\/\/www.europesays.com\/se\/95587\/","title":{"rendered":"L\u00e4ngdskidor \u2022 Ryska \u00e5kare f\u00e5r t\u00e4vla i v\u00e4rldscupen under neutral flagg"},"content":{"rendered":"<p>Publicerad 2 dec 2025 kl 12.15Uppdaterad kl 15.34<\/p>\n<p>Ryska och belarusiska ut\u00f6vare v\u00e4lkomnas tillbaka till v\u00e4rldscupen i l\u00e4ngdskidor.\u00a0<\/p>\n<p>Nu uppmanas de som uppfyller kraven f\u00f6r neutrala ut\u00f6vare att mejla internationella skidf\u00f6rbundet.\u00a0<\/p>\n<p>\u2013 Vi tycker att det \u00e4r olyckligt, s\u00e4ger skidf\u00f6rbundets generalsekreterare Pernilla Bonde.<\/p>\n<p><img   alt=\"\"\/> <\/p>\n<p>Foto: FREDRIK VARFJELL \/ BILDBYR\u00c5N NORWAY<\/p>\n<p>\u00d6ppna bild i helsk\u00e4rmArtikeln i korthet<\/p>\n<p> Idrottens skiljen\u00e4mnd Cas river upp internationella skidf\u00f6rbundet Fis beslut \u2013 ryska och belarusiska \u00e5kare f\u00e5r t\u00e4vla i v\u00e4rldscupen som neutrala.<\/p>\n<p> Ryska landslaget vill delta p\u00e5 v\u00e4rldscupen i Trondheim redan i helgen<\/p>\n<p> Svenska stj\u00e4rnor hotar med bojkott om ryssar till\u00e5ts t\u00e4vla.<\/p>\n<p> Beslutet g\u00e4ller \u00e4ven backhoppning, nordisk kombination, alpin\u00e5kning och snowboard.<\/p>\n<p>Visa mer<\/p>\n<p>Till vinter-OS i Milano i februari n\u00e4sta \u00e5r har den internationella olympiska kommitt\u00e9n (IOK) valt att v\u00e4lkomna ryska och belarusiska t\u00e4vlande, f\u00f6rutsatt att de uppfyller vissa kriterier f\u00f6r att kallas neutrala ut\u00f6vare.\u00a0<\/p>\n<p>Det internationella skidf\u00f6rbundet (Fis) motsatte sig dock IOK och fortsatte f\u00f6rbjuda ryskt och belarusiskt deltagande i v\u00e4rldscupen i l\u00e4ngdskidor, vilket i sin tur om\u00f6jliggjorde f\u00f6r ryssar och belarusier att kvala till OS.\u00a0<\/p>\n<p>Fis beslut \u00f6verklagades till idrottens skiljen\u00e4mnd Cas som p\u00e5 tisdagen meddelade att de river upp Fis beslut och v\u00e4lkomnar ryssar och belarusier tillbaka till v\u00e4rldscupen som neutrala ut\u00f6vare.\u00a0<\/p>\n<p>Fis <a href=\"https:\/\/www.fis-ski.com\/inside-fis\/news\/2025-26\/cas-requests-that-russian-and-belarusian-athletes-participate-in-fis-qualification-events-for-milano-cortina-2026\" rel=\"nofollow noopener\" target=\"_blank\">skriver i ett pressmeddelande<\/a> att de ska hantera Cas beslut. Skidf\u00f6rbundet uppmanar de skid\u00e5kare som uppfyller deras krav p\u00e5 neutrala atleter att mejla \u201dneutralathletes@fis-ski.com\u201d, f\u00f6r att kunna administrera deras eventuella deltagande p\u00e5 v\u00e4rldscupen.\u00a0<\/p>\n<p>Fis skriver vidare att ut\u00f6varna bland annat m\u00e5ste ha uppvisat \u201dstrikt neutralitet\u201d gentemot Ryssland och Belarus sedan invasionen av Ukraina.\u00a0<\/p>\n<p>IOK:s krav p\u00e5 neutrala atleter<\/p>\n<p> Idrottare som aktivt st\u00f6der kriget f\u00e5r inte anm\u00e4las eller delta i t\u00e4vlingar.<\/p>\n<p> Idrottare som har kontrakt med den ryska eller belarusiska milit\u00e4ren eller med nationella s\u00e4kerhetsmyndigheter f\u00e5r inte anm\u00e4las eller delta i t\u00e4vlingar.<\/p>\n<p> Alla neutrala idrottare, liksom alla andra deltagare, m\u00e5ste uppfylla samtliga antidopingkrav som g\u00e4ller inf\u00f6r och under de olympiska vinterspelen i Milano-Cortina 2026, s\u00e4rskilt de som fastst\u00e4lls i de internationella f\u00f6rbundens antidopingregler.<\/p>\n<p>Visa merRyska orden \u2013 efter historiska beslutet: \u201dVi kommer med helikopter\u201d<\/p>\n<p>Norska <a href=\"https:\/\/www.tv2.no\/sport\/dramatisk-vending-russland-vant-frem-kan-delta-i-ol\/18342905\/\" rel=\"nofollow noopener\" target=\"_blank\">TV2<\/a> har varit i kontakt med Egor Sorin, tr\u00e4nare i det ryska landslaget. Han s\u00e4ger att helgens v\u00e4rldscup i norska Trondheim \u00e4r aktuell f\u00f6r dem.\u00a0<\/p>\n<p>\u2013 Det \u00e4r m\u00f6jligt att vi t\u00e4vlar i Trondheim. Vi kommer med helikopter, s\u00e4ger han med glimten i \u00f6gat.\u00a0<\/p>\n<p>Om det verkligen st\u00e4mmer \u2013 eller om det \u00e4r p\u00e5 tok f\u00f6r tidigt \u2013 \u00e5terst\u00e5r att se. Tove Moe Dyrhaug, ordf\u00f6rande i det norska skidf\u00f6rbundet, har inte klart svar nu.\u00a0<\/p>\n<p>\u2013 Vi f\u00e5r se hur vi ska f\u00f6rh\u00e5lla oss till detta, b\u00e5de med tanke p\u00e5 arrangemang i Norge och annat. Vi m\u00e5ste f\u00e5 mer information, s\u00e4ger hon till TV2.\u00a0<\/p>\n<p>\u201dInte v\u00e4lkomna till Trondheim\u201d<\/p>\n<p>Trondheims borgm\u00e4stare \u00e4r tydlig till hur han ser p\u00e5 ryskt deltagande i helgens v\u00e4rldscupt\u00e4vlingar.\u00a0<\/p>\n<p>\u2013 Jag \u00e4r en stor motst\u00e5ndare till det, framf\u00f6r allt nu n\u00e4r ukrainska soldater k\u00e4mpar mot Rysslands brutala invasion, s\u00e4ger han till TV2.<\/p>\n<p>\u2013 Jag sa det innan VM och jag s\u00e4ger det igen: \u201dRyska ut\u00f6vare \u00e4r inte v\u00e4lkomna till Trondheim.\u201d<\/p>\n<p>Svenska svaret: \u201dTycker inte att de ska f\u00e5 t\u00e4vla\u201d<\/p>\n<p>Sedan Rysslands storskaliga invasion av Ukraina inleddes i b\u00f6rjan av 2022 har ryska och belarusiska skid\u00e5kare varit uteslutna fr\u00e5n internationellt t\u00e4vlande.\u00a0<\/p>\n<p>Annons<\/p>\n<p>\u2013 Vi tycker ju att det \u00e4r olyckligt. Vi har hela tiden varit tydliga med att vi inte tycker att ryska och belarusiska \u00e5kare ska f\u00e5 t\u00e4vla, s\u00e4ger svenska skidf\u00f6rbundets generalsekreterare Pernilla Bonde.<\/p>\n<p><strong>I och med att det h\u00e4r \u00e4r en dom fr\u00e5n idrottens h\u00f6gsta instans \u2013 finns n\u00e5got ni kan g\u00f6ra nu?<\/strong><\/p>\n<p>\u2013 Nej, s\u00e5vitt jag f\u00f6rst\u00e5r kan vi inte g\u00f6ra n\u00e5got. Vi kan bara st\u00e5 fast vid vad vi tror p\u00e5 och vara tydliga med v\u00e5r h\u00e5llning.<\/p>\n<p><strong>Kan det bli tal om att Svenska skidf\u00f6rbundet kan bojkottar t\u00e4vlingar d\u00e4r ryska \u00e5kare finns med?<\/strong><\/p>\n<p>\u2013 Vi har sagt att vi inte tror p\u00e5 att bojkotta.<\/p>\n<p><strong>Men om en enskild \u00e5kare vill bojkotta \u2013 det \u00e4r upp till \u00e5karen sj\u00e4lv att ta ett s\u00e5nt beslut?<\/strong><\/p>\n<p>\u2013 Det h\u00e4r \u00e4r sv\u00e5ra fr\u00e5gor. Och vi r\u00e5der inte \u00f6ver varje enskild individ. Men bojkott \u00e4r inget vi rekommenderar.<\/p>\n<p>Svahn har hotat med bojkott<\/p>\n<p>Svenska Linn Svahn sa inf\u00f6r \u00e5rets s\u00e4song att hon funderade p\u00e5 att bojkotta OS om ryska ut\u00f6vare till\u00e5ts t\u00e4vla.\u00a0<\/p>\n<p>\u2013 Fr\u00e5gan du mig h\u00e4r och nu s\u00e5 \u00e4r svaret att d\u00e5 vill jag inte t\u00e4vla, sa hon i oktober.\u00a0<\/p>\n<p>\u2013 Jag kan bara hoppas att jag har ryggrad nog i det l\u00e4get. F\u00f6r det sista jag vill \u00e4r att f\u00f6rlora min ryggrad i en s\u00e5n h\u00e4r fr\u00e5ga \u2013 vissa saker \u00e4r ju st\u00f6rre \u00e4n idrott.<\/p>\n<p>F\u00f6rutom l\u00e4ngdskidor g\u00e4ller Cas beslut \u00e4ven ut\u00f6vare i backhoppning, nordisk kombination, alpin\u00e5kning och snowboard.\u00a0<\/p>\n","protected":false},"excerpt":{"rendered":"Publicerad 2 dec 2025 kl 12.15Uppdaterad kl 15.34 Ryska och belarusiska ut\u00f6vare v\u00e4lkomnas tillbaka till v\u00e4rldscupen i l\u00e4ngdskidor.\u00a0&hellip;\n","protected":false},"author":2,"featured_media":95588,"comment_status":"","ping_status":"","sticky":false,"template":"","format":"standard","meta":{"footnotes":""},"categories":[5],"tags":[22,23,26,27,17,21,24,25,28,29,15,16,18,34,857,31,33,32,30,19,20],"class_list":{"0":"post-95587","1":"post","2":"type-post","3":"status-publish","4":"format-standard","5":"has-post-thumbnail","7":"category-rubriker","8":"tag-breaking-news","9":"tag-breakingnews","10":"tag-featured-news","11":"tag-featurednews","12":"tag-headlines","13":"tag-huvudnyheter","14":"tag-latest-news","15":"tag-latestnews","16":"tag-main-news","17":"tag-mainnews","18":"tag-news","19":"tag-nyheter","20":"tag-rubriker","21":"tag-se","22":"tag-sections-langdskidor","23":"tag-svenska","24":"tag-sverige","25":"tag-sweden","26":"tag-swedish","27":"tag-top-stories","28":"tag-topstories"},"share_on_mastodon":{"url":"https:\/\/pubeurope.com\/@se\/115651655933673907","error":""},"_links":{"self":[{"href":"https:\/\/www.europesays.com\/se\/wp-json\/wp\/v2\/posts\/95587","targetHints":{"allow":["GET"]}}],"collection":[{"href":"https:\/\/www.europesays.com\/se\/wp-json\/wp\/v2\/posts"}],"about":[{"href":"https:\/\/www.europesays.com\/se\/wp-json\/wp\/v2\/types\/post"}],"author":[{"embeddable":true,"href":"https:\/\/www.europesays.com\/se\/wp-json\/wp\/v2\/users\/2"}],"replies":[{"embeddable":true,"href":"https:\/\/www.europesays.com\/se\/wp-json\/wp\/v2\/comments?post=95587"}],"version-history":[{"count":0,"href":"https:\/\/www.europesays.com\/se\/wp-json\/wp\/v2\/posts\/95587\/revisions"}],"wp:featuredmedia":[{"embeddable":true,"href":"https:\/\/www.europesays.com\/se\/wp-json\/wp\/v2\/media\/95588"}],"wp:attachment":[{"href":"https:\/\/www.europesays.com\/se\/wp-json\/wp\/v2\/media?parent=95587"}],"wp:term":[{"taxonomy":"category","embeddable":true,"href":"https:\/\/www.europesays.com\/se\/wp-json\/wp\/v2\/categories?post=95587"},{"taxonomy":"post_tag","embeddable":true,"href":"https:\/\/www.europesays.com\/se\/wp-json\/wp\/v2\/tags?post=95587"}],"curies":[{"name":"wp","href":"https:\/\/api.w.org\/{rel}","templated":true}]}}