{"id":95599,"date":"2025-12-02T19:46:16","date_gmt":"2025-12-02T19:46:16","guid":{"rendered":"https:\/\/www.europesays.com\/se\/95599\/"},"modified":"2025-12-02T19:46:16","modified_gmt":"2025-12-02T19:46:16","slug":"diggiloo-till-vasteras-for-forsta-gangen-antligen","status":"publish","type":"post","link":"https:\/\/www.europesays.com\/se\/95599\/","title":{"rendered":"Diggiloo till V\u00e4ster\u00e5s \u2013 f\u00f6r f\u00f6rsta g\u00e5ngen: \u201d\u00c4ntligen\u201d"},"content":{"rendered":"<p>\n        Tv\u00e5 av stj\u00e4rnorna som kommer. Charlotte Perrelli och Jessica Andersson som firar 20 \u00e5r med Diggiloo.<br \/>\n        Foto: pressbild\n    <\/p>\n<p>    Det tog 23 \u00e5r.<br \/>\nMen n\u00e4sta sommar bromsar Sveriges st\u00f6rsta sommarturn\u00e9 till slut in f\u00f6r ett stopp i V\u00e4ster\u00e5s. \u201dDet ska bli v\u00e4ldigt roligt att f\u00e5 komma till V\u00e4ster\u00e5s till slut\u201d, s\u00e4ger Diggiloo-grundaren Patrik Krall till V\u00e4ster\u00e5s Tidning.<\/p>\n<p>N\u00f6jesproducenten Patrik Krall startade tillsammans med Lasse Holm Diggiloo 2003 med en sommarturn\u00e9.<\/p>\n<p>Sedan dess har m\u00e5nga st\u00e4llen p\u00e5 Sverigekartan betats av \u2013 men inte V\u00e4ster\u00e5s.<\/p>\n<p>Turn\u00e9n har snuddat med stopp vid flertalet tillf\u00e4llen p\u00e5 Str\u00f6msholms slott.<\/p>\n<p>Men nu \u00e4r det allts\u00e5 dags.<\/p>\n<p>L\u00f6rdag den 15 augusti 2026 kommer Diggiloo till V\u00e4ster\u00e5s och Rocklunda p\u00e5 gr\u00e4sytan bakom Expandia Arena d\u00e4r bland annat Blodomloppet brukar h\u00e5lla till.\u00a0<\/p>\n<p>\u2013 Vi kommer att st\u00e5 med scenen och ha stallomr\u00e5det i ryggen. Det ska bli s\u00e5 kul att \u00e4ntligen f\u00e5 komma till V\u00e4ster\u00e5s, s\u00e4ger projektledaren Helena Sundblad.<\/p>\n<p>Hon f\u00e5r medh\u00e5ll av Patrik Krall.<\/p>\n<p>\u2013 Det ska bli v\u00e4ldigt roligt.<\/p>\n<p class=\"font-weight-bold m-font-weight-bold\" data-lab-font_weight=\"font-weight-bold\">Varf\u00f6r blev det nu?<\/p>\n<p>\u2013 V\u00e4ster\u00e5s har visat framf\u00f6tterna under flera \u00e5r och nu var l\u00e4get det r\u00e4tta.\u00a0<\/p>\n<p>                <img decoding=\"async\" src=\"https:\/\/www.europesays.com\/se\/wp-content\/uploads\/2025\/12\/290137.webp\" width=\"480\" height=\"332\" title=\"Diggiloo-artisterna som kommer till V\u00e4ster\u00e5s n\u00e4sta sommar. Bakre raden fr\u00e5n v\u00e4nster: Jessica Andersson, Lisa Stadell, Charlotte Perrelli, Erik Segerstedt och Kim Sulocki. Fr\u00e4mre fr\u00e5n v\u00e4nster: Maja Ivarsson, Junior Lerin, Kaliffa, Saga Ludvigsson och David Lindgren. Dessutom tillkommer Idolvinnaren.\" alt=\"\" loading=\"lazy\" style=\"\"\/><\/p>\n<p>\n            Diggiloo-artisterna som kommer till V\u00e4ster\u00e5s n\u00e4sta sommar. Bakre raden fr\u00e5n v\u00e4nster: Jessica Andersson, Lisa Stadell, Charlotte Perrelli, Erik Segerstedt och Kim Sulocki. Fr\u00e4mre fr\u00e5n v\u00e4nster: Maja Ivarsson, Junior Lerin, Kaliffa, Saga Ludvigsson och David Lindgren. Dessutom tillkommer Idolvinnaren.<br \/>\n            Foto: Christoffer Bendixen\n        <\/p>\n<p>Sveriges st\u00f6rsta sommarturn\u00e9 kommer med en folkfest med schlagergiganter, rockstj\u00e4rnor, nya talanger och \u00e5terseenden.\u00a0<\/p>\n<p>Erfarenhet m\u00f6ter nyfikenhet i form av favoriter och debutanter.\u00a0<\/p>\n<p>I \u00e5r kliver n\u00e4mligen Maja Ivarsson, Kaliffa, Junior Lerin och sk\u00e5despelaren Kim Sulocki upp p\u00e5 Diggiloos scen f\u00f6r f\u00f6rsta g\u00e5ngen.\u00a0<\/p>\n<p>        Vi lyckas samla tre generationer, det \u00e4r det f\u00e5 andra koncept som g\u00f6r<\/p>\n<p>Charlotte Perrelli blir ett av affischnamnen tillsammans med bland andra 20-\u00e5rsjubilerande Jessica Andersson. Dessutom ska \u00e5rets Idolvinnare som utses p\u00e5 l\u00f6rdag \u2013 det st\u00e5r mellan Tuva R\u00e5wall, Nicolina-Mercedes Brandstr\u00f6m och Love Hedlund Stenmarck \u2013 medverka.<\/p>\n<p class=\"font-weight-bold m-font-weight-bold\" data-lab-font_weight=\"font-weight-bold\">\u00c4r du n\u00f6jd med \u00e5rets ensemble?<\/p>\n<p>\u2013 Det k\u00e4nns riktigt j\u00e4dra bra. Det \u00e4r en fantastisk line up r\u00f6stm\u00e4ssigt, den starkaste p\u00e5 l\u00e4nge. Det \u00e4r ocks\u00e5 en h\u00e4rlig bredd i genrer med allt fr\u00e5n Maja Ivarsson, country, Idolvinnaren, boyband till musikalartister, s\u00e4ger Patrik Krall.\u00a0<\/p>\n<p data-lab-font_weight=\"font-weight-bold\" class=\"font-weight-bold m-font-weight-bold\">Kan det bli g\u00e4stspel fr\u00e5n n\u00e5gon lokal artist?<\/p>\n<p>\u2013 Ibland kan vi hitta p\u00e5 n\u00e5got, men det blir ju i s\u00e5 fall inte best\u00e4mt f\u00f6rr\u00e4n det n\u00e4stan f\u00f6r dags f\u00f6r spelningen.<\/p>\n<p class=\"font-weight-bold m-font-weight-bold\" data-lab-font_weight=\"font-weight-bold\">Vad skulle du s\u00e4ga \u00e4r framg\u00e5ngsreceptet bakom Sveriges st\u00f6rsta sommarturn\u00e9?<\/p>\n<p>\u2013 Dels att vi har en f\u00f6rnyelse bland artister varje \u00e5r, alltid en ny show. Sen \u00e4r det att vi lyckas samla tre generationer, det \u00e4r det f\u00e5 andra koncept som g\u00f6r.\u00a0<\/p>\n<p>\u2013 Det tror jag verkligen har gjort att det har h\u00e5llit i 23 \u00e5r nu. Och att det \u00e4r v\u00e4ldigt prisv\u00e4rt d\u00e5 det \u00e4r gratis f\u00f6r barn upp till 14 \u00e5r. Visst tar vi bra betalt l\u00e4ngst fram, men det finns ju ocks\u00e5 andra billigare alternativ.<\/p>\n<p>Turn\u00e9premi\u00e4r h\u00e5lls 9 juli i Kosta.<\/p>\n","protected":false},"excerpt":{"rendered":"Tv\u00e5 av stj\u00e4rnorna som kommer. Charlotte Perrelli och Jessica Andersson som firar 20 \u00e5r med Diggiloo. Foto: pressbild&hellip;\n","protected":false},"author":2,"featured_media":95600,"comment_status":"","ping_status":"","sticky":false,"template":"","format":"standard","meta":{"footnotes":""},"categories":[67],"tags":[104,34,31,33,32,30,105],"class_list":{"0":"post-95599","1":"post","2":"type-post","3":"status-publish","4":"format-standard","5":"has-post-thumbnail","7":"category-underhallning","8":"tag-entertainment","9":"tag-se","10":"tag-svenska","11":"tag-sverige","12":"tag-sweden","13":"tag-swedish","14":"tag-underhallning"},"share_on_mastodon":{"url":"https:\/\/pubeurope.com\/@se\/115651699513211670","error":""},"_links":{"self":[{"href":"https:\/\/www.europesays.com\/se\/wp-json\/wp\/v2\/posts\/95599","targetHints":{"allow":["GET"]}}],"collection":[{"href":"https:\/\/www.europesays.com\/se\/wp-json\/wp\/v2\/posts"}],"about":[{"href":"https:\/\/www.europesays.com\/se\/wp-json\/wp\/v2\/types\/post"}],"author":[{"embeddable":true,"href":"https:\/\/www.europesays.com\/se\/wp-json\/wp\/v2\/users\/2"}],"replies":[{"embeddable":true,"href":"https:\/\/www.europesays.com\/se\/wp-json\/wp\/v2\/comments?post=95599"}],"version-history":[{"count":0,"href":"https:\/\/www.europesays.com\/se\/wp-json\/wp\/v2\/posts\/95599\/revisions"}],"wp:featuredmedia":[{"embeddable":true,"href":"https:\/\/www.europesays.com\/se\/wp-json\/wp\/v2\/media\/95600"}],"wp:attachment":[{"href":"https:\/\/www.europesays.com\/se\/wp-json\/wp\/v2\/media?parent=95599"}],"wp:term":[{"taxonomy":"category","embeddable":true,"href":"https:\/\/www.europesays.com\/se\/wp-json\/wp\/v2\/categories?post=95599"},{"taxonomy":"post_tag","embeddable":true,"href":"https:\/\/www.europesays.com\/se\/wp-json\/wp\/v2\/tags?post=95599"}],"curies":[{"name":"wp","href":"https:\/\/api.w.org\/{rel}","templated":true}]}}