{"id":95661,"date":"2025-12-02T20:46:35","date_gmt":"2025-12-02T20:46:35","guid":{"rendered":"https:\/\/www.europesays.com\/se\/95661\/"},"modified":"2025-12-02T20:46:35","modified_gmt":"2025-12-02T20:46:35","slug":"s-i-skelleftea-vagrar-mote-om-frivillig-atervandring","status":"publish","type":"post","link":"https:\/\/www.europesays.com\/se\/95661\/","title":{"rendered":"S i Skellefte\u00e5 v\u00e4grar m\u00f6te om frivillig \u00e5tervandring"},"content":{"rendered":"<p>Socialdemokraterna i Skellefte\u00e5 har tydliggjort att de inte t\u00e4nker tr\u00e4ffa regeringens samordnare f\u00f6r frivillig \u00e5tervandring &#8211; trots att inbjudan handlar om \u00f6ppen dialog. Det \u00e4r sv\u00e5rt att se detta som n\u00e5got annat \u00e4n ett politiskt utspel riktat till den egna aktivistiska publiken. Men i praktiken \u00e4r det ett tramsigt och oansvarigt agerande som riskerar att skada kommunens arbete mot segregation.<\/p>\n<p>F\u00f6r vad handlar det egentligen om? M\u00f6tet med samordnaren handlar om att f\u00e5 information, st\u00e4lla fr\u00e5gor, framf\u00f6ra kritik och bidra med lokal kunskap. Att g\u00f6ra sj\u00e4lva m\u00f6tet till en principiell om\u00f6jlighet \u00e4r ett otroligt fjanteri som inte h\u00f6r hemma i kommunpolitiken. Det borde vara en politisk icke-fr\u00e5ga att sitta ner med en statlig samordnare, oavsett om man r\u00e5kar vara Socialdemokrat. Kommunen f\u00f6rv\u00e4ntas samarbeta med staten i m\u00e5nga andra sammanhang &#8211; att v\u00e4gra nu \u00e4r m\u00e4rkligt.\u00a0<\/p>\n<p>Segregationen \u00e4r en av v\u00e5r tids mest akuta samh\u00e4llsutmaningar, och Skellefte\u00e5 st\u00e5r inte utanf\u00f6r den utvecklingen. \u00c4ven h\u00e4r finns bostadsomr\u00e5den som alltmer pr\u00e4glas av tilltagande segregation och sociala utmaningar. Att Socialdemokraterna v\u00e4ljer bort en diskussion om frivillig \u00e5tervandring inneb\u00e4r att man inte \u00e4r riktigt intresserad av att l\u00f6sa det problemet.\u00a0<\/p>\n<p>Det finns sj\u00e4lvklart dem som hade m\u00e5tt b\u00e4ttre av att l\u00e4mna Sverige. Kanske f\u00f6r att man trots m\u00e5nga \u00e5r i landet inte l\u00e4rt sig spr\u00e5ket, inte trivs med kulturen eller inte lyckats komma i arbete. Om man ser frivillig \u00e5tervandring som ett bra alternativ till ett liv i utanf\u00f6rskap, trots gedigna integrationspolitiska satsningar, ska inte lokala Socialdemokrater st\u00e5 i v\u00e4gen.<\/p>\n<p>Fr\u00e5n Sverigedemokraternas sida \u00e4r saken enkel: kommunen borde givetvis se \u00f6ver f\u00f6ruts\u00e4ttningarna f\u00f6r hur frivillig \u00e5tervandring skulle kunna se ut i Skellefte\u00e5, tillsammans med den nationella samordnaren. Vi ser absolut att det kan finnas en del inflyttade Skelleftebor som kan nyttja erbjudandet.\u00a0<\/p>\n<p>N\u00e4r S i Skellefte\u00e5 g\u00f6r det h\u00e4r till en markering s\u00e4nder de en olycklig signal: att den lokala ideologin \u00e4r viktigare \u00e4n sakfr\u00e5gan. Det ironiska blir det att Socialdemokraterna p\u00e5 riksniv\u00e5 inte har n\u00e5gra inv\u00e4ndningar mot ett h\u00f6jt \u00e5tervandringsbidrag. Men h\u00e4r i Skellefte\u00e5 verkar S-m\u00e4rkta 2030-visioner och kommunens gr\u00f6na omst\u00e4llning vara sk\u00e4l nog att motverka frivillig \u00e5tervandring p\u00e5 ett politiskt plan.\u00a0<\/p>\n<p>Det \u00e4r inte seri\u00f6st. Och det \u00e4r inte vad kommuninv\u00e5narna f\u00f6rtj\u00e4nar, ej heller vad de som ber\u00f6rs av m\u00f6jligheten till frivillig \u00e5tervandring f\u00f6rtj\u00e4nar. Det \u00e4r framf\u00f6rallt inte vad v\u00e4ljare &#8211; drabbade av en misslyckad migrationspolitik &#8211; f\u00f6rtj\u00e4nar.<\/p>\n","protected":false},"excerpt":{"rendered":"Socialdemokraterna i Skellefte\u00e5 har tydliggjort att de inte t\u00e4nker tr\u00e4ffa regeringens samordnare f\u00f6r frivillig \u00e5tervandring &#8211; trots att&hellip;\n","protected":false},"author":2,"featured_media":95662,"comment_status":"","ping_status":"","sticky":false,"template":"","format":"standard","meta":{"footnotes":""},"categories":[12],"tags":[22,23,26,27,17,21,24,25,28,29,15,16,18,34,31,33,32,30,19,20],"class_list":{"0":"post-95661","1":"post","2":"type-post","3":"status-publish","4":"format-standard","5":"has-post-thumbnail","7":"category-sverige","8":"tag-breaking-news","9":"tag-breakingnews","10":"tag-featured-news","11":"tag-featurednews","12":"tag-headlines","13":"tag-huvudnyheter","14":"tag-latest-news","15":"tag-latestnews","16":"tag-main-news","17":"tag-mainnews","18":"tag-news","19":"tag-nyheter","20":"tag-rubriker","21":"tag-se","22":"tag-svenska","23":"tag-sverige","24":"tag-sweden","25":"tag-swedish","26":"tag-top-stories","27":"tag-topstories"},"share_on_mastodon":{"url":"https:\/\/pubeurope.com\/@se\/115651935319973059","error":""},"_links":{"self":[{"href":"https:\/\/www.europesays.com\/se\/wp-json\/wp\/v2\/posts\/95661","targetHints":{"allow":["GET"]}}],"collection":[{"href":"https:\/\/www.europesays.com\/se\/wp-json\/wp\/v2\/posts"}],"about":[{"href":"https:\/\/www.europesays.com\/se\/wp-json\/wp\/v2\/types\/post"}],"author":[{"embeddable":true,"href":"https:\/\/www.europesays.com\/se\/wp-json\/wp\/v2\/users\/2"}],"replies":[{"embeddable":true,"href":"https:\/\/www.europesays.com\/se\/wp-json\/wp\/v2\/comments?post=95661"}],"version-history":[{"count":0,"href":"https:\/\/www.europesays.com\/se\/wp-json\/wp\/v2\/posts\/95661\/revisions"}],"wp:featuredmedia":[{"embeddable":true,"href":"https:\/\/www.europesays.com\/se\/wp-json\/wp\/v2\/media\/95662"}],"wp:attachment":[{"href":"https:\/\/www.europesays.com\/se\/wp-json\/wp\/v2\/media?parent=95661"}],"wp:term":[{"taxonomy":"category","embeddable":true,"href":"https:\/\/www.europesays.com\/se\/wp-json\/wp\/v2\/categories?post=95661"},{"taxonomy":"post_tag","embeddable":true,"href":"https:\/\/www.europesays.com\/se\/wp-json\/wp\/v2\/tags?post=95661"}],"curies":[{"name":"wp","href":"https:\/\/api.w.org\/{rel}","templated":true}]}}