{"id":95700,"date":"2025-12-02T22:16:18","date_gmt":"2025-12-02T22:16:18","guid":{"rendered":"https:\/\/www.europesays.com\/se\/95700\/"},"modified":"2025-12-02T22:16:18","modified_gmt":"2025-12-02T22:16:18","slug":"expressens-sajt-blockeras-i-colombia","status":"publish","type":"post","link":"https:\/\/www.europesays.com\/se\/95700\/","title":{"rendered":"Expressens sajt blockeras i Colombia"},"content":{"rendered":"<p>Publicerad 2 dec 2025 kl 20.50Uppdaterad kl 22.56<\/p>\n<p>Expressen har skrivit flera artiklar om att Colombias presidentfru Ver\u00f3nica Alcocer lever lyxliv i Stockholm.\u00a0<\/p>\n<p>Nu blockeras Expressens sajt i landet, rapporterar Sveriges Radio.<\/p>\n<p>\u2013 Jag blir f\u00f6rv\u00e5nad och f\u00f6rbannad, s\u00e4ger Expressens chefredakt\u00f6r Klas Granstr\u00f6m till Ekot.<\/p>\n<p>Senaste nyhetsklippen fr\u00e5n Expressen.<img   alt=\"\"\/><\/p>\n<p>Kung Carl Gustaf, drottning Silvia, Colombias president Gustavo Petro och hans fru Ver\u00f3nica Alcocer 2024.<\/p>\n<p>Foto: Henrik Montgomery \/ TT NYHETSBYR\u00c5N<\/p>\n<p>\u00d6ppna bild i helsk\u00e4rmArtikeln i korthet<\/p>\n<p> Expressen har granskat Colombias presidentfru Ver\u00f3nica Alcocer och hennes liv i Stockholm.<\/p>\n<p> Efter granskningen har Expressens sajt blockerats i Colombia.<\/p>\n<p> Myndigheter s\u00e4ger att blockeringen beror p\u00e5 spelannonser, men oppositionen talar om censur.<\/p>\n<p> Presidenten nekar till att hans fru lever lyxliv och kopplar bort henne fr\u00e5n Jas Gripen-aff\u00e4ren.<\/p>\n<p> Presidentparet st\u00e5r p\u00e5 USA:s sanktionslista efter konflikt med Donald Trump.<\/p>\n<p>Visa mer<\/p>\n<p>Expressen har <a href=\"https:\/\/www.expressen.se\/nyheter\/sverige\/colombias-presidentfru-veronica-alcocer-lever-lyxliv-i-sverige-pa-trumps-svarta-lista\/\" rel=\"nofollow noopener\" target=\"_blank\">tidigare avsl\u00f6jat<\/a> att <a href=\"https:\/\/www.expressen.se\/tagg\/location\/colombia\/\" class=\"\" rel=\"nofollow noopener\" target=\"_blank\">Colombias<\/a> presidentfru Ver\u00f3nica Alcocer lever lyxliv i Sverige. Presidentfrun bor i en l\u00e4genhet i Stockholm, umg\u00e5s med miljon\u00e4rer och har setts festa p\u00e5 privatklubben Noppes. Samtidigt st\u00e5r hon p\u00e5 Trumps svarta lista och hennes tillg\u00e5ngar i USA \u00e4r frysta.<\/p>\n<p>N\u00e4r Expressen f\u00f6rs\u00f6kte f\u00e5 en kommentar av henne i Gamla stan avb\u00f6jde hon och sa att hon <a href=\"https:\/\/www.expressen.se\/tv\/nyheter\/har-vagrar-colombias-presidentfru-svara-expressen-jag-pratar-inte-engelska\/\" rel=\"nofollow noopener\" target=\"_blank\">\u201dinte pratar engelska\u201d<\/a>.<\/p>\n<p>Nu har Expressens sajt blockerats i Colombia, rapporterar Sveriges Radio. Den colombianska spelinspektionen h\u00e4vdar att blockeringen beror p\u00e5 annonser f\u00f6r olagliga spel. Oppositionen anklagar d\u00e4remot regeringen f\u00f6r censur.<\/p>\n<p>Till <a href=\"https:\/\/www.sverigesradio.se\/artikel\/expressen-colombia-forsoker-stoppa-var-journalistik\" rel=\"nofollow noopener\" target=\"_blank\">Ekot<\/a> s\u00e4ger Expressens chefredakt\u00f6r Klas Granstr\u00f6m att landet f\u00f6rs\u00f6ker stoppa tidningens journalistik.<\/p>\n<p>\u2013 Jag blir f\u00f6rv\u00e5nad och f\u00f6rbannad p\u00e5 det h\u00e4r. Det \u00e4r ov\u00e4rdigt en demokrati att censurera fria medier och det ser onekligen ut som att det colombianska styret vill stoppa sitt lands medborgare fr\u00e5n att ta del av Expressens rapportering, s\u00e4ger han till Ekot.<\/p>\n<p>\u2013 Det vi kan konstatera \u00e4r att det h\u00e4r \u00e4mnet \u00e4r viktigt och v\u00e4cker stort intresse. Det vi g\u00f6r \u00e4r att vi forts\u00e4tter gr\u00e4va i fr\u00e5gan, s\u00e5 f\u00e5r vi titta n\u00e4rmare p\u00e5 blockeringsdelen.<\/p>\n<p>Colombias president: Lever inte lyxliv\u00a0<\/p>\n<p>Presidenten Gustavo Petro <a href=\"https:\/\/www.expressen.se\/nyheter\/sverige\/colombias-president-om-hustrun-i-sverige-veronica-har-inget-att-gora-med-saab-kontraktet\/\" rel=\"nofollow noopener\" target=\"_blank\">kommenterade sin frus vistelse<\/a> i Stockholm offentligt efter att flera colombianer spekulerat p\u00e5 X om den har n\u00e5gon koppling till Colombias k\u00f6p av 17 Jas Gripen-plan, v\u00e4rda 34 miljarder kronor.\u00a0<\/p>\n<p>\u201dVer\u00f3nica har inget att g\u00f6ra med Saab-kontraktet. Kontraktet med Saab kan granskas utan problem och j\u00e4mf\u00f6ras med andra Saab- f\u00f6rs\u00e4ljningar i v\u00e4rlden.\u201d, skrev presidenten.\u00a0<\/p>\n<p>Han avf\u00e4rdade ocks\u00e5 att hon skulle leva lyxliv, vilket \u00e4r k\u00e4nsligt f\u00f6r honom som tidigare v\u00e4nsterrebell och som stramat \u00e5t ekonomin i Colombia.\u00a0<\/p>\n<p>P\u00e5 USA:s sanktionslista<\/p>\n<p>Petro och hans hustru Ver\u00f3nica Alcocer hamnade i oktober p\u00e5 USA:s sanktionslista efter ett h\u00e5rt ordkrig mellan Petro och Donald Trump.\u00a0<\/p>\n<p>USA anklagar Petro f\u00f6r att ha l\u00e5tit kokainproduktionen i Colombia \u00f6ka kraftigt och f\u00f6r att inte stoppa drogkartellerna.<\/p>\n<p>Sveriges bist\u00e5nds- och utrikesminister Benjamin Dousa (M) var p\u00e5 plats i Colombia natten mot den 16 november n\u00e4r kontraktet om att s\u00e4lja Jas Gripen skrevs under.<\/p>\n","protected":false},"excerpt":{"rendered":"Publicerad 2 dec 2025 kl 20.50Uppdaterad kl 22.56 Expressen har skrivit flera artiklar om att Colombias presidentfru Ver\u00f3nica&hellip;\n","protected":false},"author":2,"featured_media":95701,"comment_status":"","ping_status":"","sticky":false,"template":"","format":"standard","meta":{"footnotes":""},"categories":[12],"tags":[22,23,26,27,17,21,24,25,1519,28,29,15,16,18,34,154,31,33,32,30,19,20],"class_list":{"0":"post-95700","1":"post","2":"type-post","3":"status-publish","4":"format-standard","5":"has-post-thumbnail","7":"category-sverige","8":"tag-breaking-news","9":"tag-breakingnews","10":"tag-featured-news","11":"tag-featurednews","12":"tag-headlines","13":"tag-huvudnyheter","14":"tag-latest-news","15":"tag-latestnews","16":"tag-location-colombia","17":"tag-main-news","18":"tag-mainnews","19":"tag-news","20":"tag-nyheter","21":"tag-rubriker","22":"tag-se","23":"tag-sections-sverige","24":"tag-svenska","25":"tag-sverige","26":"tag-sweden","27":"tag-swedish","28":"tag-top-stories","29":"tag-topstories"},"share_on_mastodon":{"url":"https:\/\/pubeurope.com\/@se\/115652289051939796","error":""},"_links":{"self":[{"href":"https:\/\/www.europesays.com\/se\/wp-json\/wp\/v2\/posts\/95700","targetHints":{"allow":["GET"]}}],"collection":[{"href":"https:\/\/www.europesays.com\/se\/wp-json\/wp\/v2\/posts"}],"about":[{"href":"https:\/\/www.europesays.com\/se\/wp-json\/wp\/v2\/types\/post"}],"author":[{"embeddable":true,"href":"https:\/\/www.europesays.com\/se\/wp-json\/wp\/v2\/users\/2"}],"replies":[{"embeddable":true,"href":"https:\/\/www.europesays.com\/se\/wp-json\/wp\/v2\/comments?post=95700"}],"version-history":[{"count":0,"href":"https:\/\/www.europesays.com\/se\/wp-json\/wp\/v2\/posts\/95700\/revisions"}],"wp:featuredmedia":[{"embeddable":true,"href":"https:\/\/www.europesays.com\/se\/wp-json\/wp\/v2\/media\/95701"}],"wp:attachment":[{"href":"https:\/\/www.europesays.com\/se\/wp-json\/wp\/v2\/media?parent=95700"}],"wp:term":[{"taxonomy":"category","embeddable":true,"href":"https:\/\/www.europesays.com\/se\/wp-json\/wp\/v2\/categories?post=95700"},{"taxonomy":"post_tag","embeddable":true,"href":"https:\/\/www.europesays.com\/se\/wp-json\/wp\/v2\/tags?post=95700"}],"curies":[{"name":"wp","href":"https:\/\/api.w.org\/{rel}","templated":true}]}}