{"id":95711,"date":"2025-12-02T23:13:17","date_gmt":"2025-12-02T23:13:17","guid":{"rendered":"https:\/\/www.europesays.com\/se\/95711\/"},"modified":"2025-12-02T23:13:17","modified_gmt":"2025-12-02T23:13:17","slug":"miguel-angel-ramirez-ny-tranare-i-malmo-ff-sportbladets-experter-om-valet","status":"publish","type":"post","link":"https:\/\/www.europesays.com\/se\/95711\/","title":{"rendered":"Miguel \u00c1ngel Ramirez ny tr\u00e4nare i Malm\u00f6 FF \u2013 Sportbladets experter om valet"},"content":{"rendered":"<p>expand-left<\/p>\n<p>helsk\u00e4rm<img decoding=\"async\" class=\"image-asset hyperion-css-u06ts1\" data-test-tag=\"image-asset\" src=\"https:\/\/www.europesays.com\/se\/wp-content\/uploads\/2025\/12\/1f33b574-10bc-407d-8724-371c4a623ec7\"  alt=\"\"  loading=\"eager\" fetchpriority=\"high\" style=\"aspect-ratio:1900 \/ 995\"\/><\/p>\n<p class=\"hyperion-css-1v9qo5x\"><strong>Miguel Angel Ramirez \u00e4r Malm\u00f6 FF:s nye huvudtr\u00e4nare.\u00a0<\/strong><\/p>\n<p class=\"hyperion-css-1v9qo5x\"><strong>Vad tycker panelen om Sk\u00e5neklubbens val? Vad \u00e4r ett godk\u00e4nt facit under f\u00f6rsta s\u00e4songen? Och vilka spelare b\u00f6r MFF v\u00e4rva in \u2013 och s\u00e4lja?\u00a0<\/strong><\/p>\n<p class=\"hyperion-css-1v9qo5x\"><strong>Det svarar Simon Bank, Daniel Kristoffersson, Malin Wahlberg, Michael Wagner och Johan Flinck p\u00e5 h\u00e4r.\u00a0<\/strong><\/p>\n<p class=\"hyperion-css-1v9qo5x\">check<strong> Banks dom: \u201dDoftar inte fest och framg\u00e5ng, MFF\u201d\u00a0<\/strong><\/p>\n<p class=\"hyperion-css-1v9qo5x\">check<strong> Stora f\u00f6r\u00e4ndringar att v\u00e4nta i MFF: \u201dKlarar sig utan dem\u201d<\/strong><\/p>\n<p class=\"hyperion-css-1v9qo5x\">check<strong> \u201dChilla med kritiken, MFF-supportrar\u201d<\/strong><\/p>\n<p class=\"hyperion-css-1v9qo5x\">check<strong> \u201dMFF vill v\u00e4rva honom \u2013 finns koppling till Ramirez\u201d<\/strong><\/p>\n<p class=\"hyperion-css-1v9qo5x\">check<strong> Panelen: D\u00e4rf\u00f6r har MFF fastnat f\u00f6r Ramirez<\/strong><\/p>\n<p class=\"hyperion-css-1v9qo5x\">check<strong> Godk\u00e4nt facit f\u00f6r Ramirez? Guld \u2013\u00a0i cupen eller allsvenskan <\/strong><\/p>\n","protected":false},"excerpt":{"rendered":"expand-left helsk\u00e4rm Miguel Angel Ramirez \u00e4r Malm\u00f6 FF:s nye huvudtr\u00e4nare.\u00a0 Vad tycker panelen om Sk\u00e5neklubbens val? Vad \u00e4r&hellip;\n","protected":false},"author":2,"featured_media":95712,"comment_status":"","ping_status":"","sticky":false,"template":"","format":"standard","meta":{"footnotes":""},"categories":[5],"tags":[22,23,26,27,17,21,24,25,28,29,15,16,18,34,31,33,32,30,19,20],"class_list":{"0":"post-95711","1":"post","2":"type-post","3":"status-publish","4":"format-standard","5":"has-post-thumbnail","7":"category-rubriker","8":"tag-breaking-news","9":"tag-breakingnews","10":"tag-featured-news","11":"tag-featurednews","12":"tag-headlines","13":"tag-huvudnyheter","14":"tag-latest-news","15":"tag-latestnews","16":"tag-main-news","17":"tag-mainnews","18":"tag-news","19":"tag-nyheter","20":"tag-rubriker","21":"tag-se","22":"tag-svenska","23":"tag-sverige","24":"tag-sweden","25":"tag-swedish","26":"tag-top-stories","27":"tag-topstories"},"share_on_mastodon":{"url":"https:\/\/pubeurope.com\/@se\/115652513453285530","error":""},"_links":{"self":[{"href":"https:\/\/www.europesays.com\/se\/wp-json\/wp\/v2\/posts\/95711","targetHints":{"allow":["GET"]}}],"collection":[{"href":"https:\/\/www.europesays.com\/se\/wp-json\/wp\/v2\/posts"}],"about":[{"href":"https:\/\/www.europesays.com\/se\/wp-json\/wp\/v2\/types\/post"}],"author":[{"embeddable":true,"href":"https:\/\/www.europesays.com\/se\/wp-json\/wp\/v2\/users\/2"}],"replies":[{"embeddable":true,"href":"https:\/\/www.europesays.com\/se\/wp-json\/wp\/v2\/comments?post=95711"}],"version-history":[{"count":0,"href":"https:\/\/www.europesays.com\/se\/wp-json\/wp\/v2\/posts\/95711\/revisions"}],"wp:featuredmedia":[{"embeddable":true,"href":"https:\/\/www.europesays.com\/se\/wp-json\/wp\/v2\/media\/95712"}],"wp:attachment":[{"href":"https:\/\/www.europesays.com\/se\/wp-json\/wp\/v2\/media?parent=95711"}],"wp:term":[{"taxonomy":"category","embeddable":true,"href":"https:\/\/www.europesays.com\/se\/wp-json\/wp\/v2\/categories?post=95711"},{"taxonomy":"post_tag","embeddable":true,"href":"https:\/\/www.europesays.com\/se\/wp-json\/wp\/v2\/tags?post=95711"}],"curies":[{"name":"wp","href":"https:\/\/api.w.org\/{rel}","templated":true}]}}