{"id":95719,"date":"2025-12-03T00:33:20","date_gmt":"2025-12-03T00:33:20","guid":{"rendered":"https:\/\/www.europesays.com\/se\/95719\/"},"modified":"2025-12-03T00:33:20","modified_gmt":"2025-12-03T00:33:20","slug":"styckmordade-kollegan-i-oskarshamn-lade-honom-i-frysen","status":"publish","type":"post","link":"https:\/\/www.europesays.com\/se\/95719\/","title":{"rendered":"Styckm\u00f6rdade kollegan i Oskarshamn\n\u2013 lade honom i frysen"},"content":{"rendered":"<p>Publicerad 2 dec 2025 kl 22.27<\/p>\n<p>26-\u00e5ringen misst\u00e4nks ha knivhuggit sin kollega till d\u00f6ds, styckat kroppen och lagt delarna i frysen.<\/p>\n<p>Sedan anv\u00e4nde han kollegans Bank-ID f\u00f6r att ta l\u00e5n p\u00e5 hundratusentals kronor och f\u00f6ra \u00f6ver pengarna till sig sj\u00e4lv, enligt \u00e5klagaren.\u00a0<\/p>\n<p>Nu \u00e5talas mannen f\u00f6r mordet, som \u00e4gde rum i Oskarshamn strax efter ny\u00e5r.\u00a0<\/p>\n<p><img   alt=\"\"\/><\/p>\n<p>I den h\u00e4r frysen hittades mannens kvarlevor.<\/p>\n<p>Foto: Polisen<\/p>\n<p>\u00d6ppna bild i helsk\u00e4rm<img loading=\"lazy\"   alt=\"\"\/><\/p>\n<p>Kniven hade den d\u00f6da 25-\u00e5ringens DNA p\u00e5 bladet, och 26-\u00e5ringens DNA p\u00e5 handtaget.<\/p>\n<p>Foto: Polisen<\/p>\n<p>\u00d6ppna bild i helsk\u00e4rm<img loading=\"lazy\"   alt=\"\"\/><\/p>\n<p>Likas\u00e5 p\u00e5 s\u00e5gen.<\/p>\n<p>Foto: Polisen<\/p>\n<p>\u00d6ppna bild i helsk\u00e4rm<\/p>\n<p>Den 2 januari i \u00e5r var sista g\u00e5ngen n\u00e5gon s\u00e5g den 25-\u00e5riga mannen i livet. Klockan 21 p\u00e5 kv\u00e4llen st\u00e4mplade han ut fr\u00e5n sitt arbete inom hemtj\u00e4nsten i <a href=\"https:\/\/www.expressen.se\/tagg\/location\/oskarshamn\/\" class=\"\" rel=\"nofollow noopener\" target=\"_blank\">Oskarshamn<\/a>. Tjugo minuter senare var han hemma hos en kollega, en 26-\u00e5rig man, visar f\u00f6runders\u00f6kningen.\u00a0<\/p>\n<p>N\u00e5gon timme senare var 25-\u00e5ringen sannolikt d\u00f6d.<\/p>\n<p>Artikeln i korthet<\/p>\n<p> En 26-\u00e5rig man misst\u00e4nks ha m\u00f6rdat och styckat sin kollega i januari.<\/p>\n<p> Kroppsdelar hittades i frysen hemma hos den misst\u00e4nkte.<\/p>\n<p> Efter mordet anv\u00e4nde han offrets Bank-ID f\u00f6r att ta l\u00e5n och f\u00f6ra \u00f6ver pengar till sig sj\u00e4lv, enligt \u00e5talet.\u00a0<\/p>\n<p> Mannen greps p\u00e5 Arlanda efter att ha rest utomlands.<\/p>\n<p> Han nekar till brott, men \u00e5talas f\u00f6r mord, grovt gravfridsbrott och grovt bedr\u00e4geri.<\/p>\n<p>Visa mer<\/p>\n<p>26-\u00e5ringen misst\u00e4nks ha attackerat och d\u00f6dat 25-\u00e5ringen med kniv n\u00e5gon g\u00e5ng mellan 2 och 3 januari. I kort anslutning till mordet styckade han sedan kroppen, plockade ut de inre organen, och la delar av kroppen i svarta sops\u00e4ckar, enligt \u00e5talet. S\u00e4ckarna lades in i frysen.<\/p>\n<p>Historik fr\u00e5n den misst\u00e4nktes telefon, fr\u00e5n den 3 januari, visar hur den misst\u00e4nkte s\u00f6kt p\u00e5 bland annat \u201ds\u00e5g hand\u201d och \u201dels\u00e5g lite\u201d.<\/p>\n<p><img loading=\"lazy\"   alt=\"\"\/><\/p>\n<p>H\u00e4r syns den misst\u00e4nkte m\u00f6rdaren p\u00e5 \u00f6vervakningsfilmer fr\u00e5n Arlanda.<\/p>\n<p>Foto: Polisen<\/p>\n<p>\u00d6ppna bild i helsk\u00e4rmStal pengar<\/p>\n<p>Efter mordet misst\u00e4nks 26-\u00e5ringen ha loggat in p\u00e5 den m\u00f6rdades bankkonto och f\u00f6rt \u00f6ver stora summor pengar till sig sj\u00e4lv. N\u00e5gra dagar senare tog han ett l\u00e5n p\u00e5 100\u00a0000 kronor i 25-\u00e5ringens namn, pengar han sj\u00e4lv fick tillg\u00e5ng till. Totalt r\u00f6r det sig om drygt 200\u00a0000 kronor.<\/p>\n<p>Dagen efter mordet gick 26-\u00e5ringen till jobbet och ber\u00e4ttade att han inte trodde att 25-\u00e5ringen skulle kunna jobba de n\u00e4rmsta dagarna p\u00e5 grund av sjukdom. N\u00e5gra veckor senare reste mannen pl\u00f6tsligt utomlands.<\/p>\n<p>Under tiden han var bortrest b\u00f6rjade polisen fatta misstankar mot honom, d\u00e5 25-\u00e5ringen anm\u00e4lts f\u00f6rsvunnen.\u00a0<\/p>\n<p><img loading=\"lazy\"   alt=\"\"\/><\/p>\n<p>Hammaren och t\u00e5ngen tros ocks\u00e5 ha anv\u00e4nts som verktyg.<\/p>\n<p>Foto: Polisen<\/p>\n<p>\u00d6ppna bild i helsk\u00e4rm<\/p>\n<p>Man genomf\u00f6rde en husrannsakan i 26-\u00e5ringens l\u00e4genhet, d\u00e4r man hittade flera blodsp\u00e5r och de svarta s\u00e4ckarna i frysen. Det \u00e4r oklart exakt vad s\u00e4ckarna inneh\u00f6ll, men enligt \u00e5talet misst\u00e4nks 26-\u00e5ringen ha \u201dundanskaffat \u00f6vriga kroppen p\u00e5 en eller flera ok\u00e4nda platser\u201d.<\/p>\n<p>I en av s\u00e4ckarna l\u00e5g en del av en k\u00e4ke.\u00a0<\/p>\n<p>Skyller ifr\u00e5n sig \u2013 stora skulder<\/p>\n<p>Mannen greps p\u00e5 Arlanda p\u00e5 l\u00e5ngfredagen, den 18 april.<\/p>\n<p>26-\u00e5ringen f\u00f6rnekar alla brottsmisstankar. Han skyller p\u00e5 en tredje person, en gemensam kompis till kollegerna, som enligt honom utf\u00f6rde mordet och styckningen.\u00a0<\/p>\n<p>Det \u00e4r dock bara offrets och 26-\u00e5ringens DNA som hittats p\u00e5 de verktyg som misst\u00e4nks ha anv\u00e4nts f\u00f6r mordet \u2013 en s\u00e5g, en t\u00e5ng, en hammare och en kockkniv.<\/p>\n<p>26-\u00e5ringen hade stora skulder, som han s\u00e4ger sig ha f\u00e5tt genom att spela p\u00e5 n\u00e4tcasinon. Flera g\u00e5nger ska han ha bett kolleger om att l\u00e5na pengar. Han hade ocks\u00e5 tidigare l\u00e5nat pengar av den m\u00f6rdade mannen, enligt utredningen. \u00c5klagare Emma Olsson s\u00e4ger till <a href=\"https:\/\/www.barometern.se\/oskarshamn\/hypotesen-sharif-mordades-sedan-tomdes-hans-konton-BD7f-\/\" rel=\"nofollow noopener\" target=\"_blank\">Barometern<\/a> att mycket tyder p\u00e5 att mordet varit ekonomiskt motiverat.<\/p>\n<p>Den 1 december v\u00e4cktes \u00e5tal mot mannen. Ut\u00f6ver mordmisstankarna \u00e5talas han \u00e4ven f\u00f6r grovt gravfridsbrott och flera fall av grovt bedr\u00e4geri. \u00c5klagaren yrkar p\u00e5 utvisning.\u00a0<\/p>\n","protected":false},"excerpt":{"rendered":"Publicerad 2 dec 2025 kl 22.27 26-\u00e5ringen misst\u00e4nks ha knivhuggit sin kollega till d\u00f6ds, styckat kroppen och lagt&hellip;\n","protected":false},"author":2,"featured_media":95720,"comment_status":"","ping_status":"","sticky":false,"template":"","format":"standard","meta":{"footnotes":""},"categories":[5],"tags":[22,23,26,27,17,21,24,25,6819,28,29,15,16,18,34,666,31,33,32,30,19,436,20],"class_list":{"0":"post-95719","1":"post","2":"type-post","3":"status-publish","4":"format-standard","5":"has-post-thumbnail","7":"category-rubriker","8":"tag-breaking-news","9":"tag-breakingnews","10":"tag-featured-news","11":"tag-featurednews","12":"tag-headlines","13":"tag-huvudnyheter","14":"tag-latest-news","15":"tag-latestnews","16":"tag-location-oskarshamn","17":"tag-main-news","18":"tag-mainnews","19":"tag-news","20":"tag-nyheter","21":"tag-rubriker","22":"tag-se","23":"tag-sections-krim","24":"tag-svenska","25":"tag-sverige","26":"tag-sweden","27":"tag-swedish","28":"tag-top-stories","29":"tag-topic-valdsbrott-mord","30":"tag-topstories"},"share_on_mastodon":{"url":"https:\/\/pubeurope.com\/@se\/115652827741910549","error":""},"_links":{"self":[{"href":"https:\/\/www.europesays.com\/se\/wp-json\/wp\/v2\/posts\/95719","targetHints":{"allow":["GET"]}}],"collection":[{"href":"https:\/\/www.europesays.com\/se\/wp-json\/wp\/v2\/posts"}],"about":[{"href":"https:\/\/www.europesays.com\/se\/wp-json\/wp\/v2\/types\/post"}],"author":[{"embeddable":true,"href":"https:\/\/www.europesays.com\/se\/wp-json\/wp\/v2\/users\/2"}],"replies":[{"embeddable":true,"href":"https:\/\/www.europesays.com\/se\/wp-json\/wp\/v2\/comments?post=95719"}],"version-history":[{"count":0,"href":"https:\/\/www.europesays.com\/se\/wp-json\/wp\/v2\/posts\/95719\/revisions"}],"wp:featuredmedia":[{"embeddable":true,"href":"https:\/\/www.europesays.com\/se\/wp-json\/wp\/v2\/media\/95720"}],"wp:attachment":[{"href":"https:\/\/www.europesays.com\/se\/wp-json\/wp\/v2\/media?parent=95719"}],"wp:term":[{"taxonomy":"category","embeddable":true,"href":"https:\/\/www.europesays.com\/se\/wp-json\/wp\/v2\/categories?post=95719"},{"taxonomy":"post_tag","embeddable":true,"href":"https:\/\/www.europesays.com\/se\/wp-json\/wp\/v2\/tags?post=95719"}],"curies":[{"name":"wp","href":"https:\/\/api.w.org\/{rel}","templated":true}]}}