{"id":95724,"date":"2025-12-03T00:41:13","date_gmt":"2025-12-03T00:41:13","guid":{"rendered":"https:\/\/www.europesays.com\/se\/95724\/"},"modified":"2025-12-03T00:41:13","modified_gmt":"2025-12-03T00:41:13","slug":"kande-att-jag-inte-fick-hjalp-pa-lektionerna-ostersunds-posten","status":"publish","type":"post","link":"https:\/\/www.europesays.com\/se\/95724\/","title":{"rendered":"\u201dK\u00e4nde att jag inte fick hj\u00e4lp p\u00e5 lektionerna\u201d \u2013 \u00d6stersunds-Posten"},"content":{"rendered":"<p>Nyhedens skola har f\u00e5tt kritik av Skolinspektionen g\u00e4llande en rad brister. <\/p>\n<p>Maja Zetterman \u00e4r en av eleverna som riskerar att inte bli beh\u00f6rig till gymnasiet.<\/p>\n<p>\u2013 Det \u00e4r tr\u00e5kigt att veta att jag kanske inte kommer att f\u00e5 g\u00f6ra det jag vill, s\u00e4ger hon.<\/p>\n<p>Redan n\u00e4r Maja Zetterman gick i femman p\u00e5 Asp\u00e5s skola l\u00e5g hon efter i flera \u00e4mnen. Det uppdagades n\u00e4r en vikarierande l\u00e4rare kartlade hennes kunskaper i matematik. <\/p>\n<p>Tekniskt fel<\/p>\n<p class=\"message__text txt-ui txt-ui-2\">V\u00e4nligen f\u00f6rs\u00f6k igen senare.<\/p>\n<p>Den h\u00e4r artikeln \u00e4r bara f\u00f6r prenumeranter<\/p>\n<p class=\"txt-body txt-body-1\">Om du redan \u00e4r prenumerant: logga in!<\/p>\n","protected":false},"excerpt":{"rendered":"Nyhedens skola har f\u00e5tt kritik av Skolinspektionen g\u00e4llande en rad brister. Maja Zetterman \u00e4r en av eleverna som&hellip;\n","protected":false},"author":2,"featured_media":95725,"comment_status":"","ping_status":"","sticky":false,"template":"","format":"standard","meta":{"footnotes":""},"categories":[5],"tags":[22,23,26,27,17,21,24,25,28,29,15,16,18,34,31,33,32,30,19,20],"class_list":{"0":"post-95724","1":"post","2":"type-post","3":"status-publish","4":"format-standard","5":"has-post-thumbnail","7":"category-rubriker","8":"tag-breaking-news","9":"tag-breakingnews","10":"tag-featured-news","11":"tag-featurednews","12":"tag-headlines","13":"tag-huvudnyheter","14":"tag-latest-news","15":"tag-latestnews","16":"tag-main-news","17":"tag-mainnews","18":"tag-news","19":"tag-nyheter","20":"tag-rubriker","21":"tag-se","22":"tag-svenska","23":"tag-sverige","24":"tag-sweden","25":"tag-swedish","26":"tag-top-stories","27":"tag-topstories"},"share_on_mastodon":{"url":"https:\/\/pubeurope.com\/@se\/115652859230616718","error":""},"_links":{"self":[{"href":"https:\/\/www.europesays.com\/se\/wp-json\/wp\/v2\/posts\/95724","targetHints":{"allow":["GET"]}}],"collection":[{"href":"https:\/\/www.europesays.com\/se\/wp-json\/wp\/v2\/posts"}],"about":[{"href":"https:\/\/www.europesays.com\/se\/wp-json\/wp\/v2\/types\/post"}],"author":[{"embeddable":true,"href":"https:\/\/www.europesays.com\/se\/wp-json\/wp\/v2\/users\/2"}],"replies":[{"embeddable":true,"href":"https:\/\/www.europesays.com\/se\/wp-json\/wp\/v2\/comments?post=95724"}],"version-history":[{"count":0,"href":"https:\/\/www.europesays.com\/se\/wp-json\/wp\/v2\/posts\/95724\/revisions"}],"wp:featuredmedia":[{"embeddable":true,"href":"https:\/\/www.europesays.com\/se\/wp-json\/wp\/v2\/media\/95725"}],"wp:attachment":[{"href":"https:\/\/www.europesays.com\/se\/wp-json\/wp\/v2\/media?parent=95724"}],"wp:term":[{"taxonomy":"category","embeddable":true,"href":"https:\/\/www.europesays.com\/se\/wp-json\/wp\/v2\/categories?post=95724"},{"taxonomy":"post_tag","embeddable":true,"href":"https:\/\/www.europesays.com\/se\/wp-json\/wp\/v2\/tags?post=95724"}],"curies":[{"name":"wp","href":"https:\/\/api.w.org\/{rel}","templated":true}]}}