{"id":95734,"date":"2025-12-03T01:06:25","date_gmt":"2025-12-03T01:06:25","guid":{"rendered":"https:\/\/www.europesays.com\/se\/95734\/"},"modified":"2025-12-03T01:06:25","modified_gmt":"2025-12-03T01:06:25","slug":"valdtakten-pa-meya-exempel-nar-usa-borjar-kartlagga-brott-i-sverige-som-begatts-av-invandrare","status":"publish","type":"post","link":"https:\/\/www.europesays.com\/se\/95734\/","title":{"rendered":"V\u00e5ldt\u00e4kten p\u00e5 Meya exempel n\u00e4r USA b\u00f6rjar kartl\u00e4gga brott i Sverige som beg\u00e5tts av invandrare"},"content":{"rendered":"<p><strong>WASHINGTON <\/strong>USA:s utrikesdepartement lyfter v\u00e5ldt\u00e4kten av 16-\u00e5riga Meya i Skellefte\u00e5, som ett exempel p\u00e5 konsekvenserna av massinvandring.<\/p>\n<p>I en serie <a href=\"https:\/\/x.com\/StateDept\/status\/1991869227758920010\" target=\"_blank\" rel=\"noopener noreferrer nofollow\">inl\u00e4gg<\/a> p\u00e5 X listas brott som har beg\u00e5tts av invandrare i Europa, d\u00e4ribland det <a href=\"https:\/\/www.svd.se\/a\/73Xw59\" rel=\"nofollow noopener\" target=\"_blank\">svenska<\/a> fallet: \u201dI Sverige fick en eritreansk migrant som d\u00f6mts f\u00f6r v\u00e5ldt\u00e4kt av en 16-\u00e5rig flicka stanna i landet efter att en domare beslutat att h\u00e4ndelsen inte var ett \u2019synnerligen allvarligt brott\u2019 och inte motiverade utvisning\u201d.<\/p>\n","protected":false},"excerpt":{"rendered":"WASHINGTON USA:s utrikesdepartement lyfter v\u00e5ldt\u00e4kten av 16-\u00e5riga Meya i Skellefte\u00e5, som ett exempel p\u00e5 konsekvenserna av massinvandring. I&hellip;\n","protected":false},"author":2,"featured_media":95735,"comment_status":"","ping_status":"","sticky":false,"template":"","format":"standard","meta":{"footnotes":""},"categories":[5],"tags":[22,23,26,27,17,21,24,25,28,29,15,16,18,34,31,33,32,30,19,20],"class_list":{"0":"post-95734","1":"post","2":"type-post","3":"status-publish","4":"format-standard","5":"has-post-thumbnail","7":"category-rubriker","8":"tag-breaking-news","9":"tag-breakingnews","10":"tag-featured-news","11":"tag-featurednews","12":"tag-headlines","13":"tag-huvudnyheter","14":"tag-latest-news","15":"tag-latestnews","16":"tag-main-news","17":"tag-mainnews","18":"tag-news","19":"tag-nyheter","20":"tag-rubriker","21":"tag-se","22":"tag-svenska","23":"tag-sverige","24":"tag-sweden","25":"tag-swedish","26":"tag-top-stories","27":"tag-topstories"},"share_on_mastodon":{"url":"https:\/\/pubeurope.com\/@se\/115652957556504513","error":""},"_links":{"self":[{"href":"https:\/\/www.europesays.com\/se\/wp-json\/wp\/v2\/posts\/95734","targetHints":{"allow":["GET"]}}],"collection":[{"href":"https:\/\/www.europesays.com\/se\/wp-json\/wp\/v2\/posts"}],"about":[{"href":"https:\/\/www.europesays.com\/se\/wp-json\/wp\/v2\/types\/post"}],"author":[{"embeddable":true,"href":"https:\/\/www.europesays.com\/se\/wp-json\/wp\/v2\/users\/2"}],"replies":[{"embeddable":true,"href":"https:\/\/www.europesays.com\/se\/wp-json\/wp\/v2\/comments?post=95734"}],"version-history":[{"count":0,"href":"https:\/\/www.europesays.com\/se\/wp-json\/wp\/v2\/posts\/95734\/revisions"}],"wp:featuredmedia":[{"embeddable":true,"href":"https:\/\/www.europesays.com\/se\/wp-json\/wp\/v2\/media\/95735"}],"wp:attachment":[{"href":"https:\/\/www.europesays.com\/se\/wp-json\/wp\/v2\/media?parent=95734"}],"wp:term":[{"taxonomy":"category","embeddable":true,"href":"https:\/\/www.europesays.com\/se\/wp-json\/wp\/v2\/categories?post=95734"},{"taxonomy":"post_tag","embeddable":true,"href":"https:\/\/www.europesays.com\/se\/wp-json\/wp\/v2\/tags?post=95734"}],"curies":[{"name":"wp","href":"https:\/\/api.w.org\/{rel}","templated":true}]}}