{"id":95739,"date":"2025-12-03T01:55:08","date_gmt":"2025-12-03T01:55:08","guid":{"rendered":"https:\/\/www.europesays.com\/se\/95739\/"},"modified":"2025-12-03T01:55:08","modified_gmt":"2025-12-03T01:55:08","slug":"pernilla-wahlgren-stalld-av-fragan-i-svts-fragan-ar-fri","status":"publish","type":"post","link":"https:\/\/www.europesays.com\/se\/95739\/","title":{"rendered":"Pernilla Wahlgren st\u00e4lld av fr\u00e5gan i SVT:s \u201dFr\u00e5gan \u00e4r fri\u201d"},"content":{"rendered":"<p>Publicerad 3 dec 2025 kl 02.12<\/p>\n<p>I SVT:s program \u201dFr\u00e5gan \u00e4r fri\u201d f\u00e5r Pernilla Wahlgren en fr\u00e5ga om en brottsd\u00f6md anh\u00f6rig.<\/p>\n<p>Tv-profilen blev st\u00e4lld av fr\u00e5gan.<\/p>\n<p>\u201dDet river upp massa s\u00e5r\u201d, s\u00e4ger hon i en kommentar.<\/p>\n<p>Senaste n\u00f6jesklippen fr\u00e5n Expressen.<img   alt=\"\"\/><\/p>\n<p>Pernilla Wahlgren i SVT-programmet \u201dFr\u00e5gan \u00e4r fri\u201d.<\/p>\n<p>Foto: SVT<\/p>\n<p>\u00d6ppna bild i helsk\u00e4rm<\/p>\n<p> SVT-programmet \u201dFr\u00e5gan \u00e4r fri\u201d l\u00e5ter k\u00e4ndisar intervjuas av personer p\u00e5 autismspektrat eller med intellektuell funktionsneds\u00e4ttning, med l\u00f6fte om \u201dofiltrerade fr\u00e5gor\u201d.<\/p>\n<p> I veckans avsnitt med Pernilla Wahlgren n\u00e4mns en brottsd\u00f6md anh\u00f6rig till henne vid namn.<\/p>\n<p> Pernilla Wahlgren svarade \u2013 men motvilligt.<\/p>\n<p>Visa mer<\/p>\n<p>Premissen i \u201dFr\u00e5gan \u00e4r fri\u201d \u00e4r att svenska k\u00e4ndisar intervjuas av en grupp personer \u201dp\u00e5 autismspektrat eller med intellektuell funktionsneds\u00e4ttning\u201d, skriver SVT sj\u00e4lva i sin beskrivning.<\/p>\n<p>\u201dOfiltrerade fr\u00e5gor f\u00e5r unika svar\u201d, skriver man vidare.<\/p>\n<p>I veckans avsnitt medverkar artisten och tv-profilen <a href=\"https:\/\/www.expressen.se\/tagg\/person\/pernilla-wahlgren\/\" class=\"\" rel=\"nofollow noopener\" target=\"_blank\">Pernilla Wahlgren<\/a>, 57. I en av fr\u00e5gorna n\u00e4mns en brottsd\u00f6md anh\u00f6rig till henne. Man s\u00e4ger b\u00e5de den anh\u00f6rigas namn och vad personen \u00e4r d\u00f6md f\u00f6r.<\/p>\n<p>Wahlgren svarade p\u00e5 fr\u00e5gan \u2013 men det var motvilligt, s\u00e4ger hon till Expressen.<\/p>\n<p>\u201dRiver upp massa s\u00e5r\u201d<\/p>\n<p>\u201dSj\u00e4lvklart var detta inget jag ville ha med d\u00e5 det river upp massa s\u00e5r och skapar drev. Detta \u00e4r n\u00e5got som h\u00e4nde f\u00f6r flera \u00e5r sedan och som har t\u00e4rt v\u00e4ldigt mycket\u201d, s\u00e4ger hon i en kommentar till Expressen.<\/p>\n<p>Den anh\u00f6riga \u00e4r inte tidigare namngiven som brottsling av SVT.<\/p>\n<p>Expressen har s\u00f6kt programmets ansvariga utgivare Christina Hill, f\u00f6r att fr\u00e5ga varf\u00f6r man valde att g\u00f6ra det i ett s\u00e5nt program, men inte i nyhetsrapporteringen. Hon h\u00e4nvisar till Charles Franz, redaktionellt ansvarig f\u00f6r programmet. Han h\u00e4nvisar i sin tur till Hordokht Moravejzadeh, projektledare f\u00f6r \u201dFr\u00e5gan \u00e4r fri\u201d.<\/p>\n<p>Enligt henne var det inte ett komplicerat beslut att namnge Pernilla Wahlgrens anh\u00f6riga som brottsling.<\/p>\n<p>\u201dDet var n\u00e5got som de var nyfikna p\u00e5\u201d<\/p>\n<p>\u2013 Ja, det \u00e4r ju reportrarna som var nyfikna och ville st\u00e4lla fr\u00e5gorna, s\u00e4ger Hordokht Moravejzadeh.<\/p>\n<p>\u2013 Vi ans\u00e5g i alla fall att det var s\u00e5 pass viktigt att reporterna f\u00e5r st\u00e4lla sina fr\u00e5gor rakt ut. Ofiltrerat. S\u00e5 att vi tog beslutet att de fick s\u00e4ga namnet.<\/p>\n<p><strong>Det \u00e4r ju en h\u00e5llning som SVT inte brukar ha, \u201datt informationen finns p\u00e5 andra st\u00e4llen\u201d.<\/strong><\/p>\n<p>\u2013 Ja, nu valde vi att fr\u00e5ga henne. Eller reportrarna gjorde ju det. Det var n\u00e5gonting som de var nyfikna p\u00e5. Och ville veta och f\u00f6rst\u00e5. Och det har de ju all r\u00e4tt att g\u00f6ra. Och sen kan ju Pernilla svara s\u00e5 som hon vill g\u00f6ra, s\u00e5 klart.<\/p>\n<p>Expressen har s\u00f6kt Pernilla Wahlgrens anh\u00f6riga.<\/p>\n","protected":false},"excerpt":{"rendered":"Publicerad 3 dec 2025 kl 02.12 I SVT:s program \u201dFr\u00e5gan \u00e4r fri\u201d f\u00e5r Pernilla Wahlgren en fr\u00e5ga om&hellip;\n","protected":false},"author":2,"featured_media":95740,"comment_status":"","ping_status":"","sticky":false,"template":"","format":"standard","meta":{"footnotes":""},"categories":[5],"tags":[22,23,26,27,17,21,24,25,28,29,15,16,357,18,34,31,33,32,30,19,20],"class_list":{"0":"post-95739","1":"post","2":"type-post","3":"status-publish","4":"format-standard","5":"has-post-thumbnail","7":"category-rubriker","8":"tag-breaking-news","9":"tag-breakingnews","10":"tag-featured-news","11":"tag-featurednews","12":"tag-headlines","13":"tag-huvudnyheter","14":"tag-latest-news","15":"tag-latestnews","16":"tag-main-news","17":"tag-mainnews","18":"tag-news","19":"tag-nyheter","20":"tag-person-pernilla-wahlgren","21":"tag-rubriker","22":"tag-se","23":"tag-svenska","24":"tag-sverige","25":"tag-sweden","26":"tag-swedish","27":"tag-top-stories","28":"tag-topstories"},"share_on_mastodon":{"url":"https:\/\/pubeurope.com\/@se\/115653150235999323","error":""},"_links":{"self":[{"href":"https:\/\/www.europesays.com\/se\/wp-json\/wp\/v2\/posts\/95739","targetHints":{"allow":["GET"]}}],"collection":[{"href":"https:\/\/www.europesays.com\/se\/wp-json\/wp\/v2\/posts"}],"about":[{"href":"https:\/\/www.europesays.com\/se\/wp-json\/wp\/v2\/types\/post"}],"author":[{"embeddable":true,"href":"https:\/\/www.europesays.com\/se\/wp-json\/wp\/v2\/users\/2"}],"replies":[{"embeddable":true,"href":"https:\/\/www.europesays.com\/se\/wp-json\/wp\/v2\/comments?post=95739"}],"version-history":[{"count":0,"href":"https:\/\/www.europesays.com\/se\/wp-json\/wp\/v2\/posts\/95739\/revisions"}],"wp:featuredmedia":[{"embeddable":true,"href":"https:\/\/www.europesays.com\/se\/wp-json\/wp\/v2\/media\/95740"}],"wp:attachment":[{"href":"https:\/\/www.europesays.com\/se\/wp-json\/wp\/v2\/media?parent=95739"}],"wp:term":[{"taxonomy":"category","embeddable":true,"href":"https:\/\/www.europesays.com\/se\/wp-json\/wp\/v2\/categories?post=95739"},{"taxonomy":"post_tag","embeddable":true,"href":"https:\/\/www.europesays.com\/se\/wp-json\/wp\/v2\/tags?post=95739"}],"curies":[{"name":"wp","href":"https:\/\/api.w.org\/{rel}","templated":true}]}}