{"id":95781,"date":"2025-12-03T05:14:08","date_gmt":"2025-12-03T05:14:08","guid":{"rendered":"https:\/\/www.europesays.com\/se\/95781\/"},"modified":"2025-12-03T05:14:08","modified_gmt":"2025-12-03T05:14:08","slug":"direkt-krisen-i-mellanostern-tusentals-i-gaza-behover-medicinsk-evakuering","status":"publish","type":"post","link":"https:\/\/www.europesays.com\/se\/95781\/","title":{"rendered":"Direkt \u2013 Krisen i Mellan\u00f6stern \u2013 Tusentals i Gaza beh\u00f6ver medicinsk evakuering"},"content":{"rendered":"<p>I en rapport fr\u00e5n FN:s kommitt\u00e9 mot tortyr riktas skarp kritik mot hur Israel behandlar palestinska f\u00e5ngar.<\/p>\n<p>Slutsatserna i rapporten bygger p\u00e5 uppgifter fr\u00e5n bland annat den israeliska regeringen samt israeliska och internationella organisationer, enligt tidningen\u00a0Haaretz.<\/p>\n<p>Enligt rapporten, som sl\u00e4pptes i fredags, uts\u00e4tts palestinska f\u00e5ngar f\u00f6r f\u00f6rnedrande bestraffningar, tortyr med sexuella inslag, underm\u00e5liga sanit\u00e4ra f\u00f6rh\u00e5llanden och en systematiskt v\u00e4gran att tillhandah\u00e5lla medicinsk v\u00e5rd till f\u00e5ngar.<\/p>\n<p>Kommitt\u00e9n fastst\u00e4ller ocks\u00e5 att f\u00e5ngvaktare som beg\u00e5r \u00f6vergreppen inte pr\u00f6vas r\u00e4ttsligt av Israel, vilket landet \u00e4r skyldigt att g\u00f6ra enligt internationell lag.<\/p>\n<p>I rapporten skriver kommitt\u00e9n att f\u00f6rs\u00e4mringen f\u00f6r de intagna palestinierna \u00e4r \u201den avsiktlig statlig politik f\u00f6r kollektiv bestraffning\u201d och att tortyren \u201dutg\u00f6r krigsf\u00f6rbrytelser och brott mot m\u00e4nskligheten, och utg\u00f6r en del av det brottsliga upps\u00e5tet i folkmordet\u201d.<\/p>\n","protected":false},"excerpt":{"rendered":"I en rapport fr\u00e5n FN:s kommitt\u00e9 mot tortyr riktas skarp kritik mot hur Israel behandlar palestinska f\u00e5ngar. Slutsatserna&hellip;\n","protected":false},"author":2,"featured_media":14013,"comment_status":"","ping_status":"","sticky":false,"template":"","format":"standard","meta":{"footnotes":""},"categories":[14],"tags":[22,23,26,27,17,21,24,25,28,29,15,16,18,34,31,33,32,30,19,20,51,52,53,54],"class_list":{"0":"post-95781","1":"post","2":"type-post","3":"status-publish","4":"format-standard","5":"has-post-thumbnail","7":"category-varlden","8":"tag-breaking-news","9":"tag-breakingnews","10":"tag-featured-news","11":"tag-featurednews","12":"tag-headlines","13":"tag-huvudnyheter","14":"tag-latest-news","15":"tag-latestnews","16":"tag-main-news","17":"tag-mainnews","18":"tag-news","19":"tag-nyheter","20":"tag-rubriker","21":"tag-se","22":"tag-svenska","23":"tag-sverige","24":"tag-sweden","25":"tag-swedish","26":"tag-top-stories","27":"tag-topstories","28":"tag-varlden","29":"tag-world","30":"tag-world-news","31":"tag-worldnews"},"share_on_mastodon":{"url":"https:\/\/pubeurope.com\/@se\/115653932719255724","error":""},"_links":{"self":[{"href":"https:\/\/www.europesays.com\/se\/wp-json\/wp\/v2\/posts\/95781","targetHints":{"allow":["GET"]}}],"collection":[{"href":"https:\/\/www.europesays.com\/se\/wp-json\/wp\/v2\/posts"}],"about":[{"href":"https:\/\/www.europesays.com\/se\/wp-json\/wp\/v2\/types\/post"}],"author":[{"embeddable":true,"href":"https:\/\/www.europesays.com\/se\/wp-json\/wp\/v2\/users\/2"}],"replies":[{"embeddable":true,"href":"https:\/\/www.europesays.com\/se\/wp-json\/wp\/v2\/comments?post=95781"}],"version-history":[{"count":0,"href":"https:\/\/www.europesays.com\/se\/wp-json\/wp\/v2\/posts\/95781\/revisions"}],"wp:featuredmedia":[{"embeddable":true,"href":"https:\/\/www.europesays.com\/se\/wp-json\/wp\/v2\/media\/14013"}],"wp:attachment":[{"href":"https:\/\/www.europesays.com\/se\/wp-json\/wp\/v2\/media?parent=95781"}],"wp:term":[{"taxonomy":"category","embeddable":true,"href":"https:\/\/www.europesays.com\/se\/wp-json\/wp\/v2\/categories?post=95781"},{"taxonomy":"post_tag","embeddable":true,"href":"https:\/\/www.europesays.com\/se\/wp-json\/wp\/v2\/tags?post=95781"}],"curies":[{"name":"wp","href":"https:\/\/api.w.org\/{rel}","templated":true}]}}