{"id":95788,"date":"2025-12-03T05:24:09","date_gmt":"2025-12-03T05:24:09","guid":{"rendered":"https:\/\/www.europesays.com\/se\/95788\/"},"modified":"2025-12-03T05:24:09","modified_gmt":"2025-12-03T05:24:09","slug":"m-politikern-bjod-in-bolag-till-riksdagen-hade-aktier-i-foretaget-ekot","status":"publish","type":"post","link":"https:\/\/www.europesays.com\/se\/95788\/","title":{"rendered":"M-politikern bj\u00f6d in bolag till riksdagen \u2013 hade aktier i f\u00f6retaget &#8211; Ekot"},"content":{"rendered":"<p><strong>I slutet av f\u00f6rra \u00e5ret <\/strong>bjuder riksdagsledamoten Mats Sander med tv\u00e5 partikollegor till ett bes\u00f6k p\u00e5 det Helsingborgsbaserade f\u00f6rsvarsbolaget Mildef.<\/p>\n<p>I mars i \u00e5r \u00e4r Mats Sander medbjuden till Mildef. Den h\u00e4r g\u00e5ngen ihop med bland andra Alexandra Anstrell, moderat i f\u00f6rsvarsutskottet.<\/p>\n<p><strong>\u201dVerkligen imponerande\u201d<\/strong> skriver Mats Sander p\u00e5 Facebook om Mildef, som har det svenska f\u00f6rsvaret\u00a0som en av sina viktigaste slutkunder.<\/p>\n<p><strong>N\u00e5gon vecka senare<\/strong> bjuder Mats Sander in en representant fr\u00e5n Mildef till riksdagen, d\u00e4r de bland annat \u00e4ter lunch med moderata riksdagsledam\u00f6ter fr\u00e5n f\u00f6rsvarsutskottet. De st\u00e4ller sig framf\u00f6r ett stort blomsterarrangemang, i riksdagens s\u00e5 kallade bankhall f\u00f6r att ta en bild som sen publiceras i sociala medier.<\/p>\n<p>Efter\u00e5t tackar Mildefs representant politikerna p\u00e5 LinkedIn, och skriver att de pratat om \u201df\u00f6rv\u00e4ntningar p\u00e5 kommande f\u00f6rsvarsindustristrategi\u201d.<\/p>\n<p><strong>N\u00e5got som inte framg\u00e5r <\/strong>av de h\u00e4r inl\u00e4ggen, \u00e4r att Mats Sander ocks\u00e5 \u00e4r aktie\u00e4gare i Mildef.<\/p>\n<p>Men det kan Ekot se i f\u00f6retagets register.<\/p>\n<p>Riksdagsledam\u00f6ter m\u00e5ste, enligt lag, redovisa f\u00f6r riksdagen alla bolag d\u00e4r de \u00e4ger aktier f\u00f6r mer \u00e4n tv\u00e5 prisbasbelopp, i \u00e5r motsvarar det drygt 117 000 kronor.<\/p>\n<p><strong>Men Mats Sander redovisade aldrig<\/strong> sitt innehav i bolaget. I slutet av 2024 var hans aktier v\u00e4rda omkring 100\u00a0000, under redovisningsgr\u00e4nsen. Men i februari i \u00e5r k\u00f6per han fler aktier, hans innehav blir d\u00e5 v\u00e4rt omkring 180\u00a0000 kronor.<\/p>\n<p><strong>Det \u00e4r allvarligt <\/strong>att Mats Sander bjuder in till och deltar p\u00e5 de h\u00e4r m\u00f6tena med ett bolag han \u00e4ger aktier i, tycker Tom Madell, professor i r\u00e4ttsvetenskap vid Ume\u00e5 universitet.<\/p>\n<p>\u2013 Det ligger ju liksom i sj\u00e4lva k\u00e4rnan f\u00f6r korruption att man inte ska ha n\u00e5t att g\u00f6ra med fr\u00e5gor d\u00e4r man har ett egenintresse. Det \u00e4r j\u00e4tteviktigt att uppr\u00e4tth\u00e5lla de h\u00e4r gr\u00e4nserna, s\u00e4ger Tom Madell.<\/p>\n<p><strong>Mats Sander betonar <\/strong>att han att han varit \u00f6ppen med vilka han tr\u00e4ffat, men \u00e5ngrar att han inte redovisat aktieinnehavet.<\/p>\n<p>\u2013 Att jag inte redovisade dem \u00e4r f\u00f6r att jag gjort ett misstag, s\u00e4ger Mats Sander.<\/p>\n<p>Mats Sander satt i riksdagen som ers\u00e4ttare mellan september 2024 och maj i \u00e5r. I dag \u00e4r han ordf\u00f6rande i Helsingborgs kommunfullm\u00e4ktige, och en av valkretsens toppkandidater till riksdagsvalet.<\/p>\n<p><strong>Kan v\u00e4ljarna lita p\u00e5 att du f\u00f6retr\u00e4der deras intresse, och inte ditt eget intresse, n\u00e4r du arrangerar m\u00f6ten mellan dig sj\u00e4lv och andra riksdagsledam\u00f6ter, och ett f\u00f6rsvarsbolag som du sj\u00e4lv \u00e4ger aktier i?<\/strong><\/p>\n<p>\u2013 Det \u00e4r inte n\u00e5got jag har undanh\u00e5llit med vilja. Det \u00e4r ett misstag. Jag har inte arrangerat m\u00f6tet f\u00f6r att g\u00f6ra n\u00e5got positivt f\u00f6r Mildef eller f\u00f6r mig sj\u00e4lv.<\/p>\n<p>\u2013 Jag vill ta ansvar f\u00f6r det, och \u00e4ndra mina rutiner, s\u00e4ger Mats Sander.<\/p>\n<p class=\"byline\">Clara Guibourg<br \/><a class=\"internal-link\" target=\"_self\" href=\"https:\/\/www.sverigesradio.se\/artikel\/mailto:clara.guibourg@sverigesradio.se\" rel=\"nofollow noopener\">clara.guibourg@sverigesradio.se<\/a><\/p>\n<p class=\"byline\">Sven Carlsson<br \/><a class=\"internal-link\" target=\"_self\" href=\"https:\/\/www.sverigesradio.se\/artikel\/mailto:sven.carlsson@sverigesradio.se\" rel=\"nofollow noopener\">sven.carlsson@sverigesradio.se<\/a><\/p>\n<p class=\"byline\">Emelie Ros\u00e9n<br \/><a class=\"internal-link\" target=\"_self\" href=\"https:\/\/www.sverigesradio.se\/artikel\/mailto:emelie.rosen@sverigesradio.se\" rel=\"nofollow noopener\">emelie.rosen@sverigesradio.se<\/a><\/p>\n","protected":false},"excerpt":{"rendered":"I slutet av f\u00f6rra \u00e5ret bjuder riksdagsledamoten Mats Sander med tv\u00e5 partikollegor till ett bes\u00f6k p\u00e5 det Helsingborgsbaserade&hellip;\n","protected":false},"author":2,"featured_media":95789,"comment_status":"","ping_status":"","sticky":false,"template":"","format":"standard","meta":{"footnotes":""},"categories":[5],"tags":[22,23,789,790,791,786,26,27,788,17,21,801,194,24,25,787,28,29,15,16,792,793,794,795,800,796,797,798,803,18,34,111,31,33,785,32,30,19,20,802,83,804,799],"class_list":{"0":"post-95788","1":"post","2":"type-post","3":"status-publish","4":"format-standard","5":"has-post-thumbnail","7":"category-rubriker","8":"tag-breaking-news","9":"tag-breakingnews","10":"tag-direkt","11":"tag-direktsndning","12":"tag-direktsnt","13":"tag-ekot","14":"tag-featured-news","15":"tag-featurednews","16":"tag-hr","17":"tag-headlines","18":"tag-huvudnyheter","19":"tag-inrikesnyheter","20":"tag-kultur","21":"tag-latest-news","22":"tag-latestnews","23":"tag-lyssna","24":"tag-main-news","25":"tag-mainnews","26":"tag-news","27":"tag-nyheter","28":"tag-p1","29":"tag-p2","30":"tag-p3","31":"tag-p4","32":"tag-poddradio","33":"tag-public-service","34":"tag-radio-sweden","35":"tag-radioprogram","36":"tag-radiosporten","37":"tag-rubriker","38":"tag-se","39":"tag-sport","40":"tag-svenska","41":"tag-sverige","42":"tag-sveriges-radio","43":"tag-sweden","44":"tag-swedish","45":"tag-top-stories","46":"tag-topstories","47":"tag-utrikesnyheter","48":"tag-vetenskap","49":"tag-vetenskapsradion","50":"tag-webbradio"},"share_on_mastodon":{"url":"","error":"Validation failed: Text character limit of 500 exceeded"},"_links":{"self":[{"href":"https:\/\/www.europesays.com\/se\/wp-json\/wp\/v2\/posts\/95788","targetHints":{"allow":["GET"]}}],"collection":[{"href":"https:\/\/www.europesays.com\/se\/wp-json\/wp\/v2\/posts"}],"about":[{"href":"https:\/\/www.europesays.com\/se\/wp-json\/wp\/v2\/types\/post"}],"author":[{"embeddable":true,"href":"https:\/\/www.europesays.com\/se\/wp-json\/wp\/v2\/users\/2"}],"replies":[{"embeddable":true,"href":"https:\/\/www.europesays.com\/se\/wp-json\/wp\/v2\/comments?post=95788"}],"version-history":[{"count":0,"href":"https:\/\/www.europesays.com\/se\/wp-json\/wp\/v2\/posts\/95788\/revisions"}],"wp:featuredmedia":[{"embeddable":true,"href":"https:\/\/www.europesays.com\/se\/wp-json\/wp\/v2\/media\/95789"}],"wp:attachment":[{"href":"https:\/\/www.europesays.com\/se\/wp-json\/wp\/v2\/media?parent=95788"}],"wp:term":[{"taxonomy":"category","embeddable":true,"href":"https:\/\/www.europesays.com\/se\/wp-json\/wp\/v2\/categories?post=95788"},{"taxonomy":"post_tag","embeddable":true,"href":"https:\/\/www.europesays.com\/se\/wp-json\/wp\/v2\/tags?post=95788"}],"curies":[{"name":"wp","href":"https:\/\/api.w.org\/{rel}","templated":true}]}}