{"id":95792,"date":"2025-12-03T05:29:27","date_gmt":"2025-12-03T05:29:27","guid":{"rendered":"https:\/\/www.europesays.com\/se\/95792\/"},"modified":"2025-12-03T05:29:27","modified_gmt":"2025-12-03T05:29:27","slug":"saab-vande-upp-pa-avvaktande-bors-evo-i-botten","status":"publish","type":"post","link":"https:\/\/www.europesays.com\/se\/95792\/","title":{"rendered":"Saab v\u00e4nde upp p\u00e5 avvaktande b\u00f6rs \u2013 Evo i botten"},"content":{"rendered":"<p>Av Adam Wahlfeldt, Malin Lilja<br \/>Publicerad 2 december, 07:40. Uppdaterad 2 december, 17:31<\/p>\n<p>Stockholmsb\u00f6rsen handlades med avvaktande r\u00f6relser efter att Wall Street avbr\u00f6t en fem dagar l\u00e5ng uppg\u00e5ngssvit p\u00e5 m\u00e5ndagen. Vid st\u00e4ngning s\u00e5g det ut s\u00e5 h\u00e4r:<\/p>\n<p>\u2022 OMXSPI: -0,3%<br \/>\u2022 OMXS\u2026<\/p>\n<p>Omni \u00e4r politiskt obundna och oberoende. Vi str\u00e4var efter att ge fler perspektiv p\u00e5 nyheterna. Har du fr\u00e5gor eller synpunkter kring v\u00e5r rapportering? <a href=\"https:\/\/omniekonomi.se\/avvaktande-start-vantas-i-stockholm\/a\/mailto:eko@omni.se\" class=\"ArticleActions_contactLink__W2F1M\" rel=\"nofollow noopener\" target=\"_blank\">Kontakta redaktionen<\/a><\/p>\n","protected":false},"excerpt":{"rendered":"Av Adam Wahlfeldt, Malin LiljaPublicerad 2 december, 07:40. Uppdaterad 2 december, 17:31 Stockholmsb\u00f6rsen handlades med avvaktande r\u00f6relser efter&hellip;\n","protected":false},"author":2,"featured_media":95793,"comment_status":"","ping_status":"","sticky":false,"template":"","format":"standard","meta":{"footnotes":""},"categories":[65],"tags":[11313,72,11314,70,71,5108,11312,2200,34,467,31,33,32,30],"class_list":{"0":"post-95792","1":"post","2":"type-post","3":"status-publish","4":"format-standard","5":"has-post-thumbnail","7":"category-ekonomi","8":"tag-ambea","9":"tag-business","10":"tag-cibus-nordic","11":"tag-economy","12":"tag-ekonomi","13":"tag-evolution","14":"tag-munters","15":"tag-saab","16":"tag-se","17":"tag-stockholmsborsen","18":"tag-svenska","19":"tag-sverige","20":"tag-sweden","21":"tag-swedish"},"share_on_mastodon":{"url":"https:\/\/pubeurope.com\/@se\/115653991657216025","error":""},"_links":{"self":[{"href":"https:\/\/www.europesays.com\/se\/wp-json\/wp\/v2\/posts\/95792","targetHints":{"allow":["GET"]}}],"collection":[{"href":"https:\/\/www.europesays.com\/se\/wp-json\/wp\/v2\/posts"}],"about":[{"href":"https:\/\/www.europesays.com\/se\/wp-json\/wp\/v2\/types\/post"}],"author":[{"embeddable":true,"href":"https:\/\/www.europesays.com\/se\/wp-json\/wp\/v2\/users\/2"}],"replies":[{"embeddable":true,"href":"https:\/\/www.europesays.com\/se\/wp-json\/wp\/v2\/comments?post=95792"}],"version-history":[{"count":0,"href":"https:\/\/www.europesays.com\/se\/wp-json\/wp\/v2\/posts\/95792\/revisions"}],"wp:featuredmedia":[{"embeddable":true,"href":"https:\/\/www.europesays.com\/se\/wp-json\/wp\/v2\/media\/95793"}],"wp:attachment":[{"href":"https:\/\/www.europesays.com\/se\/wp-json\/wp\/v2\/media?parent=95792"}],"wp:term":[{"taxonomy":"category","embeddable":true,"href":"https:\/\/www.europesays.com\/se\/wp-json\/wp\/v2\/categories?post=95792"},{"taxonomy":"post_tag","embeddable":true,"href":"https:\/\/www.europesays.com\/se\/wp-json\/wp\/v2\/tags?post=95792"}],"curies":[{"name":"wp","href":"https:\/\/api.w.org\/{rel}","templated":true}]}}