{"id":95810,"date":"2025-12-03T06:07:11","date_gmt":"2025-12-03T06:07:11","guid":{"rendered":"https:\/\/www.europesays.com\/se\/95810\/"},"modified":"2025-12-03T06:07:11","modified_gmt":"2025-12-03T06:07:11","slug":"inget-nations-league-brons-for-sverige-foll-mot-frankrike-i-forlangning","status":"publish","type":"post","link":"https:\/\/www.europesays.com\/se\/95810\/","title":{"rendered":"Inget Nations League-brons f\u00f6r Sverige \u2013 f\u00f6ll mot Frankrike i f\u00f6rl\u00e4ngning"},"content":{"rendered":"<p>Sverige:<br \/>Jennifer Falk \u2013 Smilla Holmberg, Nathalie Bj\u00f6rn, Elma Junttila Nelhage, Anna Sandberg \u2013 Hanna Lundkvist, Julia Zigiotti Olme, Kosovare Asllani \u2013 Fridolina Rolf\u00f6, Felicia Schr\u00f6der, Johanna Rytting Kaneryd.<\/p>\n<p>Frankrike:<br \/>Pauline Peyraud-Magnin \u2013 Griedge Mbock Bathy, Thiniba Samoura, Elisa De Almeida, Perle Morroni \u2013 Sakina Karchaoui, Laurina Fazer, Grace Geyoro \u2013 Kadidiatou Diani, Kessya Bussy, Clara Mateo.<\/p>\n","protected":false},"excerpt":{"rendered":"Sverige:Jennifer Falk \u2013 Smilla Holmberg, Nathalie Bj\u00f6rn, Elma Junttila Nelhage, Anna Sandberg \u2013 Hanna Lundkvist, Julia Zigiotti Olme,&hellip;\n","protected":false},"author":2,"featured_media":95811,"comment_status":"","ping_status":"","sticky":false,"template":"","format":"standard","meta":{"footnotes":""},"categories":[68],"tags":[5420,138,34,111,110,31,33,32,30],"class_list":{"0":"post-95810","1":"post","2":"type-post","3":"status-publish","4":"format-standard","5":"has-post-thumbnail","7":"category-sport","8":"tag-damlandslaget-i-fotboll","9":"tag-fotboll","10":"tag-se","11":"tag-sport","12":"tag-sports","13":"tag-svenska","14":"tag-sverige","15":"tag-sweden","16":"tag-swedish"},"share_on_mastodon":{"url":"https:\/\/pubeurope.com\/@se\/115654141108560540","error":""},"_links":{"self":[{"href":"https:\/\/www.europesays.com\/se\/wp-json\/wp\/v2\/posts\/95810","targetHints":{"allow":["GET"]}}],"collection":[{"href":"https:\/\/www.europesays.com\/se\/wp-json\/wp\/v2\/posts"}],"about":[{"href":"https:\/\/www.europesays.com\/se\/wp-json\/wp\/v2\/types\/post"}],"author":[{"embeddable":true,"href":"https:\/\/www.europesays.com\/se\/wp-json\/wp\/v2\/users\/2"}],"replies":[{"embeddable":true,"href":"https:\/\/www.europesays.com\/se\/wp-json\/wp\/v2\/comments?post=95810"}],"version-history":[{"count":0,"href":"https:\/\/www.europesays.com\/se\/wp-json\/wp\/v2\/posts\/95810\/revisions"}],"wp:featuredmedia":[{"embeddable":true,"href":"https:\/\/www.europesays.com\/se\/wp-json\/wp\/v2\/media\/95811"}],"wp:attachment":[{"href":"https:\/\/www.europesays.com\/se\/wp-json\/wp\/v2\/media?parent=95810"}],"wp:term":[{"taxonomy":"category","embeddable":true,"href":"https:\/\/www.europesays.com\/se\/wp-json\/wp\/v2\/categories?post=95810"},{"taxonomy":"post_tag","embeddable":true,"href":"https:\/\/www.europesays.com\/se\/wp-json\/wp\/v2\/tags?post=95810"}],"curies":[{"name":"wp","href":"https:\/\/api.w.org\/{rel}","templated":true}]}}