{"id":95814,"date":"2025-12-03T06:10:08","date_gmt":"2025-12-03T06:10:08","guid":{"rendered":"https:\/\/www.europesays.com\/se\/95814\/"},"modified":"2025-12-03T06:10:08","modified_gmt":"2025-12-03T06:10:08","slug":"danske-bank-hojer-tillvaxtutsikterna-for-sverige","status":"publish","type":"post","link":"https:\/\/www.europesays.com\/se\/95814\/","title":{"rendered":"Danske Bank h\u00f6jer tillv\u00e4xtutsikterna f\u00f6r Sverige"},"content":{"rendered":"<p>&#13;<br \/>\n                        F\u00f6rv\u00e4ntningarna \u00e4r att ekonomin v\u00e4xer med 1,9 procent i \u00e5r, mot tidigare v\u00e4ntade 1,1 procent. N\u00e4sta \u00e5r v\u00e4ntas tillv\u00e4xten ta \u00e4nnu st\u00f6rre fart och uppg\u00e5 till 2,6 procent, mot tidigare v\u00e4ntade 2,0 procent. 2027 sp\u00e5s tillv\u00e4xten bli 2,4 procent.<\/p>\n<p>Revideringen av tillv\u00e4xtprognosen beror p\u00e5 att utsikterna f\u00f6r den svenska ekonomin har ljusnat, d\u00e4r b\u00e5de h\u00e5rda och mjuka data pekar p\u00e5 en starkare prestation, enligt Danske Bank.<\/p>\n<p>\u201cTrots viss os\u00e4kerhet om utvecklingen p\u00e5 kort sikt \u00e4r de ekonomiska f\u00f6ruts\u00e4ttningarna f\u00f6r fortsatt tillv\u00e4xt fortsatt gynnsamma. Hush\u00e5llens realinkomster \u00f6kar och den ekonomiska politiken kommer att vara tydligt expansiv n\u00e4sta \u00e5r. Samtidigt \u00e4r resursutnyttjandet fortsatt l\u00e5gt, vilket inneb\u00e4r att det finns outnyttjade resurser i ekonomin\u201d, skriver banken.<\/p>\n<p>N\u00e4r det kommer till inflationen sp\u00e5r Danske Bank att den kommer att uppg\u00e5 till 2,8 procent i \u00e5r, en mindre upprevidering med 0,1 procentenheter. Samtidigt v\u00e4ntas inflationen nu bli 1,6 procent under 2026, vilket \u00e4r klart under tidigare prognos p\u00e5 2,1 procent.<\/p>\n<p>F\u00f6rv\u00e4ntningarna om en arbetsl\u00f6shet p\u00e5 8,7 procent under 2025 upprepas, medan n\u00e4sta \u00e5r v\u00e4ntas den minska till 8,3 procent, j\u00e4mf\u00f6rt med tidigare prognosen 8,4 procent.<\/p>\n<p>Vad g\u00e4ller penningpolitiken v\u00e4ntas styrr\u00e4ntan avsluta \u00e5ret p\u00e5 1,75 procent, i linje med tidigare f\u00f6rv\u00e4ntan, och h\u00f6jas till 2,00 procent i slutet av 2026, vilket \u00e4r en upprevidering fr\u00e5n tidigare prognos om fortsatt 1,75 procent. 2027 sp\u00e5s r\u00e4ntan h\u00f6jas ytterligare till 2,25 procent, vilket v\u00e4ntas intr\u00e4ffa under f\u00f6rsta halv\u00e5ret.&#13;\n                    <\/p>\n","protected":false},"excerpt":{"rendered":"&#13; F\u00f6rv\u00e4ntningarna \u00e4r att ekonomin v\u00e4xer med 1,9 procent i \u00e5r, mot tidigare v\u00e4ntade 1,1 procent. N\u00e4sta \u00e5r&hellip;\n","protected":false},"author":2,"featured_media":95815,"comment_status":"","ping_status":"","sticky":false,"template":"","format":"standard","meta":{"footnotes":""},"categories":[65],"tags":[72,70,71,454,453,451,452,34,31,33,32,30,455],"class_list":{"0":"post-95814","1":"post","2":"type-post","3":"status-publish","4":"format-standard","5":"has-post-thumbnail","7":"category-ekonomi","8":"tag-business","9":"tag-economy","10":"tag-ekonomi","11":"tag-ekonomisk-analys","12":"tag-finans","13":"tag-finansiella-nyheter","14":"tag-investera","15":"tag-se","16":"tag-svenska","17":"tag-sverige","18":"tag-sweden","19":"tag-swedish","20":"tag-trading"},"share_on_mastodon":{"url":"https:\/\/pubeurope.com\/@se\/115654152913862344","error":""},"_links":{"self":[{"href":"https:\/\/www.europesays.com\/se\/wp-json\/wp\/v2\/posts\/95814","targetHints":{"allow":["GET"]}}],"collection":[{"href":"https:\/\/www.europesays.com\/se\/wp-json\/wp\/v2\/posts"}],"about":[{"href":"https:\/\/www.europesays.com\/se\/wp-json\/wp\/v2\/types\/post"}],"author":[{"embeddable":true,"href":"https:\/\/www.europesays.com\/se\/wp-json\/wp\/v2\/users\/2"}],"replies":[{"embeddable":true,"href":"https:\/\/www.europesays.com\/se\/wp-json\/wp\/v2\/comments?post=95814"}],"version-history":[{"count":0,"href":"https:\/\/www.europesays.com\/se\/wp-json\/wp\/v2\/posts\/95814\/revisions"}],"wp:featuredmedia":[{"embeddable":true,"href":"https:\/\/www.europesays.com\/se\/wp-json\/wp\/v2\/media\/95815"}],"wp:attachment":[{"href":"https:\/\/www.europesays.com\/se\/wp-json\/wp\/v2\/media?parent=95814"}],"wp:term":[{"taxonomy":"category","embeddable":true,"href":"https:\/\/www.europesays.com\/se\/wp-json\/wp\/v2\/categories?post=95814"},{"taxonomy":"post_tag","embeddable":true,"href":"https:\/\/www.europesays.com\/se\/wp-json\/wp\/v2\/tags?post=95814"}],"curies":[{"name":"wp","href":"https:\/\/api.w.org\/{rel}","templated":true}]}}