{"id":95818,"date":"2025-12-03T06:20:08","date_gmt":"2025-12-03T06:20:08","guid":{"rendered":"https:\/\/www.europesays.com\/se\/95818\/"},"modified":"2025-12-03T06:20:08","modified_gmt":"2025-12-03T06:20:08","slug":"m-politiker-dolde-aktiekop-bjod-in-bolag-till-riksdagen","status":"publish","type":"post","link":"https:\/\/www.europesays.com\/se\/95818\/","title":{"rendered":"M-politiker dolde aktiek\u00f6p \u2013 bj\u00f6d in bolag till riksdagen"},"content":{"rendered":"<p>Den moderata tidigare riksdagsledamoten Mats Sander bj\u00f6d in andra ledam\u00f6ter till m\u00f6te med f\u00f6rsvarsbolaget Mildef, samtidigt som han \u00e4gde aktier f\u00f6r \u00f6ver 100\u202f000 kronor i bolaget. Det avsl\u00f6jar Ekot. <\/p>\n<p>Sander redovisade inte heller aktieinnehavet f\u00f6r riksdagen, trots att det efter ett nyk\u00f6p var v\u00e4rt runt 180\u202f000 kronor och d\u00e4rmed blev redovisningspliktigt. <\/p>\n<p>Enligt Sander var det ett misstag att han inte redovisade innehavet men att han har varit \u00f6ppen med vilka han har tr\u00e4ffat. <\/p>\n<p>\u2013 Jag har inte arrangerat m\u00f6tet f\u00f6r att g\u00f6ra n\u00e5got positivt f\u00f6r Mildef eller f\u00f6r mig sj\u00e4lv, s\u00e4ger han.<\/p>\n<p>Omni \u00e4r politiskt obundna och oberoende. Vi str\u00e4var efter att ge fler perspektiv p\u00e5 nyheterna. Har du fr\u00e5gor eller synpunkter kring v\u00e5r rapportering? <a href=\"https:\/\/omni.se\/m-politiker-dolde-aktiekop-bjod-in-bolag-till-riksdagen\/a\/mailto:redaktion@omni.se\" class=\"ArticleActions_contactLink__W2F1M\" rel=\"nofollow noopener\" target=\"_blank\">Kontakta redaktionen<\/a><\/p>\n","protected":false},"excerpt":{"rendered":"Den moderata tidigare riksdagsledamoten Mats Sander bj\u00f6d in andra ledam\u00f6ter till m\u00f6te med f\u00f6rsvarsbolaget Mildef, samtidigt som han&hellip;\n","protected":false},"author":2,"featured_media":95819,"comment_status":"","ping_status":"","sticky":false,"template":"","format":"standard","meta":{"footnotes":""},"categories":[12],"tags":[22,23,26,27,17,21,24,25,28,29,11315,551,15,16,369,18,34,31,33,32,30,19,20],"class_list":{"0":"post-95818","1":"post","2":"type-post","3":"status-publish","4":"format-standard","5":"has-post-thumbnail","7":"category-sverige","8":"tag-breaking-news","9":"tag-breakingnews","10":"tag-featured-news","11":"tag-featurednews","12":"tag-headlines","13":"tag-huvudnyheter","14":"tag-latest-news","15":"tag-latestnews","16":"tag-main-news","17":"tag-mainnews","18":"tag-mildef","19":"tag-moderaterna","20":"tag-news","21":"tag-nyheter","22":"tag-politik","23":"tag-rubriker","24":"tag-se","25":"tag-svenska","26":"tag-sverige","27":"tag-sweden","28":"tag-swedish","29":"tag-top-stories","30":"tag-topstories"},"share_on_mastodon":{"url":"https:\/\/pubeurope.com\/@se\/115654192194229118","error":""},"_links":{"self":[{"href":"https:\/\/www.europesays.com\/se\/wp-json\/wp\/v2\/posts\/95818","targetHints":{"allow":["GET"]}}],"collection":[{"href":"https:\/\/www.europesays.com\/se\/wp-json\/wp\/v2\/posts"}],"about":[{"href":"https:\/\/www.europesays.com\/se\/wp-json\/wp\/v2\/types\/post"}],"author":[{"embeddable":true,"href":"https:\/\/www.europesays.com\/se\/wp-json\/wp\/v2\/users\/2"}],"replies":[{"embeddable":true,"href":"https:\/\/www.europesays.com\/se\/wp-json\/wp\/v2\/comments?post=95818"}],"version-history":[{"count":0,"href":"https:\/\/www.europesays.com\/se\/wp-json\/wp\/v2\/posts\/95818\/revisions"}],"wp:featuredmedia":[{"embeddable":true,"href":"https:\/\/www.europesays.com\/se\/wp-json\/wp\/v2\/media\/95819"}],"wp:attachment":[{"href":"https:\/\/www.europesays.com\/se\/wp-json\/wp\/v2\/media?parent=95818"}],"wp:term":[{"taxonomy":"category","embeddable":true,"href":"https:\/\/www.europesays.com\/se\/wp-json\/wp\/v2\/categories?post=95818"},{"taxonomy":"post_tag","embeddable":true,"href":"https:\/\/www.europesays.com\/se\/wp-json\/wp\/v2\/tags?post=95818"}],"curies":[{"name":"wp","href":"https:\/\/api.w.org\/{rel}","templated":true}]}}