{"id":95856,"date":"2025-12-03T07:30:15","date_gmt":"2025-12-03T07:30:15","guid":{"rendered":"https:\/\/www.europesays.com\/se\/95856\/"},"modified":"2025-12-03T07:30:15","modified_gmt":"2025-12-03T07:30:15","slug":"arets-fula-jultroja-fran-microsoft-ar-en-tillbakablick-pa-foretagets-historia","status":"publish","type":"post","link":"https:\/\/www.europesays.com\/se\/95856\/","title":{"rendered":"\u00c5rets fula jultr\u00f6ja fr\u00e5n Microsoft \u00e4r en tillbakablick p\u00e5 f\u00f6retagets historia"},"content":{"rendered":"<p>Det har numera blivit tradition f\u00f6r Microsoft att sl\u00e4ppa en ny ful jultr\u00f6ja varje \u00e5r, och i \u00e5r \u00e4r inget undantag. Tidigare \u00e5r har vi bland annat sett <a href=\"https:\/\/www.pcforalla.se\/article\/1706504\/har-ar-arets-fula-jultroja-fran-microsoft-2.html\" rel=\"nofollow noopener\" target=\"_blank\">MS R\u00f6j<\/a> och <a href=\"https:\/\/www.pcforalla.se\/article\/1725159\/kart-ansikte-pa-arets-jultroja-fran-microsoft.html\" rel=\"nofollow noopener\" target=\"_blank\">Clippy<\/a> p\u00e5 tr\u00f6jorna, men som en del av f\u00f6retagets 50-\u00e5rsjubileum tar \u00e5rets jultr\u00f6ja en bredare blick \u00f6ver Microsofts historia.<\/p>\n<p><strong>L\u00e4s \u00e4ven: <a href=\"https:\/\/www.pcforalla.se\/article\/2995775\/bugg-i-windows-11-gor-losenordsrutan-osynlig.html\" rel=\"nofollow noopener\" target=\"_blank\">Bugg i Windows 11 g\u00f6r l\u00f6senordsrutan osynlig<\/a><\/strong><\/p>\n<p><a href=\"https:\/\/idg.digidip.net\/visit?url=https:\/\/blogs.windows.com\/windowsexperience\/2025\/12\/01\/unwrap-joy-this-holiday-with-this-years-microsoft-holiday-sweaters\/&amp;currurl=https:\/\/www.pcforalla.se\/article\/2997486\/arets-fula-jultroja-fran-microsoft-ar-en-tillbakablick-pa-foretagets-historia.html&amp;ref=8-1-2997486-1-0-0-0-0\" target=\"_blank\" rel=\"nofollow noopener\" data-subtag=\"8-1-2997486-1-0-0-0-0\" data-domain-name=\"windows\">Microsoft Artifact Sweater<\/a> \u00e4r t\u00e4ckt med ikoner och loggor fr\u00e5n f\u00f6retagets historia, bland annat MS-DOS, Internet Explorer, Windows 3, Papperskorgen, MSN och Copilot. Dessutom har b\u00e5de Clippy och MS R\u00f6j gjort en retur p\u00e5 tr\u00f6jan.<\/p>\n<p>Tr\u00f6jan verkar ha varit mer popul\u00e4r \u00e4n Microsoft r\u00e4knat med, den f\u00f6rsta v\u00e5gen har redan s\u00e5lt slut och f\u00f6retaget har nu \u00f6ppnat upp f\u00f6r f\u00f6rbokningar av den andra v\u00e5gen som kommer levereras i januari. Det g\u00e5r att k\u00f6pa tr\u00f6jan p\u00e5 Microsofts <a href=\"https:\/\/idg.digidip.net\/visit?url=https:\/\/www.microsoftmerchandise.com\/Shop\/#\/product\/What%27s+New\/MIC060639.000001-Artifact-Sweater--Pre-Order--Multi-XS&amp;currurl=https:\/\/www.pcforalla.se\/article\/2997486\/arets-fula-jultroja-fran-microsoft-ar-en-tillbakablick-pa-foretagets-historia.html&amp;ref=8-1-2997486-1-0-0-0-0\" target=\"_blank\" rel=\"nofollow noopener\" data-subtag=\"8-1-2997486-1-0-0-0-0\" data-domain-name=\"microsoftmerchandise\">f\u00f6retagsbutik<\/a>, priset ligger p\u00e5 79,95 dollar, eller cirka 756 kronor.<\/p>\n","protected":false},"excerpt":{"rendered":"Det har numera blivit tradition f\u00f6r Microsoft att sl\u00e4ppa en ny ful jultr\u00f6ja varje \u00e5r, och i \u00e5r&hellip;\n","protected":false},"author":2,"featured_media":95857,"comment_status":"","ping_status":"","sticky":false,"template":"","format":"standard","meta":{"footnotes":""},"categories":[66],"tags":[80,78,79,34,31,33,32,30,81,84,83,82],"class_list":{"0":"post-95856","1":"post","2":"type-post","3":"status-publish","4":"format-standard","5":"has-post-thumbnail","7":"category-vetenskap-och-teknik","8":"tag-science","9":"tag-science-and-technology","10":"tag-scienceandtechnology","11":"tag-se","12":"tag-svenska","13":"tag-sverige","14":"tag-sweden","15":"tag-swedish","16":"tag-technology","17":"tag-teknik","18":"tag-vetenskap","19":"tag-vetenskapteknik"},"share_on_mastodon":{"url":"https:\/\/pubeurope.com\/@se\/115654467553138760","error":""},"_links":{"self":[{"href":"https:\/\/www.europesays.com\/se\/wp-json\/wp\/v2\/posts\/95856","targetHints":{"allow":["GET"]}}],"collection":[{"href":"https:\/\/www.europesays.com\/se\/wp-json\/wp\/v2\/posts"}],"about":[{"href":"https:\/\/www.europesays.com\/se\/wp-json\/wp\/v2\/types\/post"}],"author":[{"embeddable":true,"href":"https:\/\/www.europesays.com\/se\/wp-json\/wp\/v2\/users\/2"}],"replies":[{"embeddable":true,"href":"https:\/\/www.europesays.com\/se\/wp-json\/wp\/v2\/comments?post=95856"}],"version-history":[{"count":0,"href":"https:\/\/www.europesays.com\/se\/wp-json\/wp\/v2\/posts\/95856\/revisions"}],"wp:featuredmedia":[{"embeddable":true,"href":"https:\/\/www.europesays.com\/se\/wp-json\/wp\/v2\/media\/95857"}],"wp:attachment":[{"href":"https:\/\/www.europesays.com\/se\/wp-json\/wp\/v2\/media?parent=95856"}],"wp:term":[{"taxonomy":"category","embeddable":true,"href":"https:\/\/www.europesays.com\/se\/wp-json\/wp\/v2\/categories?post=95856"},{"taxonomy":"post_tag","embeddable":true,"href":"https:\/\/www.europesays.com\/se\/wp-json\/wp\/v2\/tags?post=95856"}],"curies":[{"name":"wp","href":"https:\/\/api.w.org\/{rel}","templated":true}]}}